{"id":1102,"date":"2022-05-04T11:17:46","date_gmt":"2022-05-04T09:17:46","guid":{"rendered":"https:\/\/www.viajes.com\/blog\/?p=1102"},"modified":"2022-09-16T10:15:29","modified_gmt":"2022-09-16T08:15:29","slug":"montenegro-la-montana-negra","status":"publish","type":"post","link":"https:\/\/www.viajes.com\/blog\/montenegro-la-montana-negra\/","title":{"rendered":"Montenegro \u2013 La monta\u00f1a negra"},"content":{"rendered":"\n<p>El nombre de este pa\u00eds se traduce en espa\u00f1ol directamente como \u00abmonta\u00f1a negra\u00bb como referencia al color con el que se ven los Alpes Dinaricos desde el mar Adri\u00e1tico, debido a la oscura tonalidad de los bosques. <a href=\"https:\/\/www.viajes.com\/montenegro\/\" target=\"_blank\" rel=\"noreferrer noopener\">Montenegro<\/a> todav\u00eda no es destino tur\u00edstico como otros pa\u00edses de Europa, pero tiene potencial para ello. Disfruta del clima mediterr\u00e1neo, el paisaje monta\u00f1oso, y de su costa. \u00a1No te pierdas este destino, tiene muchas actividades que realizar y sitios que explorar!<\/p>\n\n\n\n<figure class=\"wp-block-image size-large\"><img loading=\"lazy\" decoding=\"async\" width=\"1024\" height=\"683\" src=\"https:\/\/www.viajes.com\/blog\/wp-content\/uploads\/2022\/05\/alexandr-bormotin-8KSc_ZE7vvk-unsplash-1024x683.jpg\" alt=\"\" class=\"wp-image-1103\" srcset=\"https:\/\/www.viajes.com\/blog\/wp-content\/uploads\/2022\/05\/alexandr-bormotin-8KSc_ZE7vvk-unsplash-1024x683.jpg 1024w, https:\/\/www.viajes.com\/blog\/wp-content\/uploads\/2022\/05\/alexandr-bormotin-8KSc_ZE7vvk-unsplash-300x200.jpg 300w, https:\/\/www.viajes.com\/blog\/wp-content\/uploads\/2022\/05\/alexandr-bormotin-8KSc_ZE7vvk-unsplash-768x512.jpg 768w, https:\/\/www.viajes.com\/blog\/wp-content\/uploads\/2022\/05\/alexandr-bormotin-8KSc_ZE7vvk-unsplash-1536x1024.jpg 1536w, https:\/\/www.viajes.com\/blog\/wp-content\/uploads\/2022\/05\/alexandr-bormotin-8KSc_ZE7vvk-unsplash-2048x1365.jpg 2048w\" sizes=\"auto, (max-width: 1024px) 100vw, 1024px\" \/><\/figure>\n\n\n\n<p>La hermosa Bah\u00eda de Kotor, sin duda, es uno de los lugares m\u00e1s famosos del pa\u00eds. Fue un lugar de inter\u00e9s estrat\u00e9gico, durante la dominaci\u00f3n del Adriatico y sirvi\u00f3 de refugio en caso de temporal y de ataques de enemigos. Los pueblos antiguos de Perast, Risan y Kotor son los m\u00e1s bonitos. Los dos \u00faltimos est\u00e1n incluidos en la Lista del Patrimonio Mundial de la UNESCO por su belleza y rica historia.<\/p>\n\n\n\n<p>Unas de las playas m\u00e1s bonitas de Montenegro la encontrar\u00e1s en la provincia de Budva. La playa Jaz; de arena blanca, agua turquesa y mucha vegetaci\u00f3n alrededor, que hace que el contraste sea digno de admirar. Otra playa conocida, la encontrar\u00e1s situada en Pertrovac, una ciudad costera con arena roja. El aire aqu\u00ed es especialmente fresco. Podr\u00e1s observar la vida cotidiana, mientras disfrutas de las maravillosas vistas de esta playa.<\/p>\n\n\n\n<figure class=\"wp-block-image size-large\"><img loading=\"lazy\" decoding=\"async\" width=\"1024\" height=\"575\" src=\"https:\/\/www.viajes.com\/blog\/wp-content\/uploads\/2022\/05\/montenegro-g648686f08_1920-1024x575.jpg\" alt=\"\" class=\"wp-image-1104\" srcset=\"https:\/\/www.viajes.com\/blog\/wp-content\/uploads\/2022\/05\/montenegro-g648686f08_1920-1024x575.jpg 1024w, https:\/\/www.viajes.com\/blog\/wp-content\/uploads\/2022\/05\/montenegro-g648686f08_1920-300x169.jpg 300w, https:\/\/www.viajes.com\/blog\/wp-content\/uploads\/2022\/05\/montenegro-g648686f08_1920-768x432.jpg 768w, https:\/\/www.viajes.com\/blog\/wp-content\/uploads\/2022\/05\/montenegro-g648686f08_1920-1536x863.jpg 1536w, https:\/\/www.viajes.com\/blog\/wp-content\/uploads\/2022\/05\/montenegro-g648686f08_1920.jpg 1920w\" sizes=\"auto, (max-width: 1024px) 100vw, 1024px\" \/><\/figure>\n\n\n\n<p>Montenegro tiene una historia medieval incre\u00edble. En las monta\u00f1as en lo alto encuentras el monasterio de Ostrog, esta construido en la gran roca de Ostro\u0161ka Gred, es una de las Iglesias Ortodoxa serb\u00edana mas importante del siglo XVII colocado contra un fondo casi vertical. Si planeas visitarlo tienes que saber que en verano el monasterio es una de los lugares mas visitados de todo Montenegro.<\/p>\n\n\n\n<figure class=\"wp-block-image size-large\"><img loading=\"lazy\" decoding=\"async\" width=\"1024\" height=\"683\" src=\"https:\/\/www.viajes.com\/blog\/wp-content\/uploads\/2022\/05\/viacheslav-volodin-CP6CTlN6eY0-unsplash-1024x683.jpg\" alt=\"\" class=\"wp-image-1105\" srcset=\"https:\/\/www.viajes.com\/blog\/wp-content\/uploads\/2022\/05\/viacheslav-volodin-CP6CTlN6eY0-unsplash-1024x683.jpg 1024w, https:\/\/www.viajes.com\/blog\/wp-content\/uploads\/2022\/05\/viacheslav-volodin-CP6CTlN6eY0-unsplash-300x200.jpg 300w, https:\/\/www.viajes.com\/blog\/wp-content\/uploads\/2022\/05\/viacheslav-volodin-CP6CTlN6eY0-unsplash-768x513.jpg 768w, https:\/\/www.viajes.com\/blog\/wp-content\/uploads\/2022\/05\/viacheslav-volodin-CP6CTlN6eY0-unsplash-1536x1025.jpg 1536w, https:\/\/www.viajes.com\/blog\/wp-content\/uploads\/2022\/05\/viacheslav-volodin-CP6CTlN6eY0-unsplash-2048x1367.jpg 2048w\" sizes=\"auto, (max-width: 1024px) 100vw, 1024px\" \/><\/figure>\n\n\n\n<p>Un \u00abmust\u00bb, el lago Skada, ya que tiene la mayor concentraci\u00f3n de agua dulce de los Balcanes, y uno de los lagos m\u00e1s grandes de Europa. Puedes acceder por carretera, barco o kayak. El camino hasta all\u00ed es muy bonito, pasando por los campos de olivos, vino, y mucho mas. Te recomendamos visitar Rijeka Crnojevica, un pueblito de pescadores muy pintoresco. Aqu\u00ed puedes degustar la riqueza del pa\u00eds como los platos a base de pescado, carne ahumada, quesos y algunos de los mejores vinos del pa\u00eds. El camino hasta all\u00ed es muy bonito, pasando por los campos de olivos, vino, y mucho mas. Y si quieres sumergirte m\u00e1s en la naturaleza salvaje con cascadas y torrentes, no te pierdes la quebrada de Tara.<\/p>\n\n\n\n<p>\u00a1No te olvides consultar nuestras ofertas especiales <a href=\"https:\/\/www.viajes.com\/ofertas\/descubre-el-fascinante-montenegro\/\" target=\"_blank\" rel=\"noreferrer noopener\">aqu\u00ed<\/a>!<\/p>\n","protected":false},"excerpt":{"rendered":"<p>El nombre de este pa\u00eds se traduce en espa\u00f1ol directamente como \u00abmonta\u00f1a negra\u00bb como referencia al color con el que se ven los Alpes Dinaricos desde el mar Adri\u00e1tico, debido a la oscura tonalidad de los bosques. Montenegro todav\u00eda no es destino tur\u00edstico como otros pa\u00edses de Europa, pero tiene potencial para ello. Disfruta del [&hellip;]<\/p>\n","protected":false},"author":3,"featured_media":1106,"comment_status":"open","ping_status":"closed","sticky":false,"template":"","format":"standard","meta":{"footnotes":""},"categories":[43,12,13,56,39,69,1,11,60,65,48,212,10,31,9,211],"tags":[],"class_list":["post-1102","post","type-post","status-publish","format-standard","has-post-thumbnail","hentry","category-actividades","category-aventura","category-ciudad","category-ciudad-y-playa","category-cultura","category-europa","category-general","category-historia","category-historico-y-cultural","category-lagos","category-montana","category-montenegro","category-naturaleza","category-parques-naturales","category-playa","category-unesco"],"_links":{"self":[{"href":"https:\/\/www.viajes.com\/blog\/wp-json\/wp\/v2\/posts\/1102","targetHints":{"allow":["GET"]}}],"collection":[{"href":"https:\/\/www.viajes.com\/blog\/wp-json\/wp\/v2\/posts"}],"about":[{"href":"https:\/\/www.viajes.com\/blog\/wp-json\/wp\/v2\/types\/post"}],"author":[{"embeddable":true,"href":"https:\/\/www.viajes.com\/blog\/wp-json\/wp\/v2\/users\/3"}],"replies":[{"embeddable":true,"href":"https:\/\/www.viajes.com\/blog\/wp-json\/wp\/v2\/comments?post=1102"}],"version-history":[{"count":6,"href":"https:\/\/www.viajes.com\/blog\/wp-json\/wp\/v2\/posts\/1102\/revisions"}],"predecessor-version":[{"id":1122,"href":"https:\/\/www.viajes.com\/blog\/wp-json\/wp\/v2\/posts\/1102\/revisions\/1122"}],"wp:featuredmedia":[{"embeddable":true,"href":"https:\/\/www.viajes.com\/blog\/wp-json\/wp\/v2\/media\/1106"}],"wp:attachment":[{"href":"https:\/\/www.viajes.com\/blog\/wp-json\/wp\/v2\/media?parent=1102"}],"wp:term":[{"taxonomy":"category","embeddable":true,"href":"https:\/\/www.viajes.com\/blog\/wp-json\/wp\/v2\/categories?post=1102"},{"taxonomy":"post_tag","embeddable":true,"href":"https:\/\/www.viajes.com\/blog\/wp-json\/wp\/v2\/tags?post=1102"}],"curies":[{"name":"wp","href":"https:\/\/api.w.org\/{rel}","templated":true}]}}