{"id":1220,"date":"2022-06-02T10:31:58","date_gmt":"2022-06-02T08:31:58","guid":{"rendered":"https:\/\/www.viajes.com\/blog\/?p=1220"},"modified":"2022-09-16T10:54:12","modified_gmt":"2022-09-16T08:54:12","slug":"sao-miguel-la-isla-del-paraiso-de-las-azores","status":"publish","type":"post","link":"https:\/\/www.viajes.com\/blog\/sao-miguel-la-isla-del-paraiso-de-las-azores\/","title":{"rendered":"S\u00e3o Miguel &#8211; La isla del para\u00edso de las Azores"},"content":{"rendered":"\n<p>Ponta Delgada es la capital de <a href=\"https:\/\/www.viajes.com\/portugal\/isla-de-sao-miguel\/\" target=\"_blank\" rel=\"noreferrer noopener\">S\u00e3o Miguel<\/a> y, con 70.000 habitantes, la mayor ciudad de todas las Azores. Aqu\u00ed, en S\u00e3o Miguel, se refleja el encanto portugu\u00e9s. Las iglesias cat\u00f3licas, la decoraci\u00f3n de las calles y los t\u00edpicos azulejos en las paredes y suelos. S\u00ed, aqu\u00ed s\u00ed se nota que est\u00e1s en Portugal. Hay un mercado local en el casco antiguo. El Mercado da Grasa. Aqu\u00ed venden todo tipo de frutas, verduras, carne y pescado. Todo es fresco y una fiesta para los ojos. Y si quieres una pausa para el caf\u00e9, te recomendamos una cafeter\u00eda cl\u00e1sica, el Caf\u00e9 Central, con pasteles locales como la tarta de pi\u00f1a. \u00a1No te pierdas los consejos de zonas que visitar y de actividades que realizar!<\/p>\n\n\n\n<figure class=\"wp-block-image size-large\"><img loading=\"lazy\" decoding=\"async\" width=\"1024\" height=\"682\" src=\"https:\/\/www.viajes.com\/blog\/wp-content\/uploads\/2022\/06\/pexels-igor-ovsyannykov-205961-2-1024x682.jpg\" alt=\"\" class=\"wp-image-1237\" srcset=\"https:\/\/www.viajes.com\/blog\/wp-content\/uploads\/2022\/06\/pexels-igor-ovsyannykov-205961-2-1024x682.jpg 1024w, https:\/\/www.viajes.com\/blog\/wp-content\/uploads\/2022\/06\/pexels-igor-ovsyannykov-205961-2-300x200.jpg 300w, https:\/\/www.viajes.com\/blog\/wp-content\/uploads\/2022\/06\/pexels-igor-ovsyannykov-205961-2-768x512.jpg 768w, https:\/\/www.viajes.com\/blog\/wp-content\/uploads\/2022\/06\/pexels-igor-ovsyannykov-205961-2.jpg 1280w\" sizes=\"auto, (max-width: 1024px) 100vw, 1024px\" \/><\/figure>\n\n\n\n<p>Sete Cidades es probablemente la imagen principal cuando ves fotos de las Azores. Las erupciones volc\u00e1nicas crearon all\u00ed dos hermosos lagos. Seg\u00fan la leyenda, los lagos fueron el resultado de una relaci\u00f3n amorosa entre una princesa y un pastor. Pero el padre de la princesa no toler\u00f3 esta pasi\u00f3n con un trabajador normal y la detuvo. Se encontraron en este lugar por \u00faltima vez entre l\u00e1grimas y por eso se cre\u00f3 aqu\u00ed el lago azul como reflejo de los ojos azules de la princesa y el lago verde como reflejo de los ojos del pastor. Y as\u00ed se cre\u00f3 un verdadero paisaje de cuento de hadas.<\/p>\n\n\n\n<figure class=\"wp-block-image size-large\"><img loading=\"lazy\" decoding=\"async\" width=\"1024\" height=\"576\" src=\"https:\/\/www.viajes.com\/blog\/wp-content\/uploads\/2022\/06\/azores-g9c5300b25_1920-1-1024x576.jpg\" alt=\"\" class=\"wp-image-1235\" srcset=\"https:\/\/www.viajes.com\/blog\/wp-content\/uploads\/2022\/06\/azores-g9c5300b25_1920-1-1024x576.jpg 1024w, https:\/\/www.viajes.com\/blog\/wp-content\/uploads\/2022\/06\/azores-g9c5300b25_1920-1-300x169.jpg 300w, https:\/\/www.viajes.com\/blog\/wp-content\/uploads\/2022\/06\/azores-g9c5300b25_1920-1-768x432.jpg 768w, https:\/\/www.viajes.com\/blog\/wp-content\/uploads\/2022\/06\/azores-g9c5300b25_1920-1-1536x864.jpg 1536w, https:\/\/www.viajes.com\/blog\/wp-content\/uploads\/2022\/06\/azores-g9c5300b25_1920-1.jpg 1920w\" sizes=\"auto, (max-width: 1024px) 100vw, 1024px\" \/><\/figure>\n\n\n\n<p><a href=\"https:\/\/www.viajes.com\/ofertas\/viaje-a-la-isla-de-sao-miguel-3\/\" target=\"_blank\" rel=\"noreferrer noopener\">S\u00e3o<\/a> <a href=\"https:\/\/www.viajes.com\/ofertas\/viaje-a-la-isla-de-sao-miguel-3\/\" target=\"_blank\" rel=\"noreferrer noopener\">Miguel<\/a> y sus alrededores tienen mucho que ofrecer. No muy lejos de la capital se encuentra el jard\u00edn bot\u00e1nico Jardim de Borges. Fue fundada a mediados del siglo XIX por un rico propietario de una plantaci\u00f3n de pi\u00f1as. Aqu\u00ed te sientes como si estuvieras en la selva. La fauna es exuberante y lo m\u00e1s destacado del parque es un enorme ficus. <\/p>\n\n\n\n<p><\/p>\n\n\n\n<p>Y si te apetece el mar, te recomendamos una de las playas m\u00e1s populares, la de Santa B\u00e1rbara. Una hermosa playa de arena negra y uno de los puntos de surf m\u00e1s famosos de las Azores. Aqu\u00ed podr\u00e1s disfrutar del ambiente surfe\u00f3 con un c\u00f3ctel en uno de los bares al rededor o simplemente disfrutar de la c\u00e1lida arena y el mar. Pero si te apetece m\u00e1s naturaleza, te llevaremos a un lugar especial, que las Azores son conocidas por sus hermosas cascadas. Se puede llegar a la Cascata do Salto do Prego tras un paseo de 2 km. Un hermoso lugar id\u00edlico. D\u00e9jate encantar por la naturaleza de este para\u00edso.<\/p>\n\n\n\n<figure class=\"wp-block-image size-large\"><img loading=\"lazy\" decoding=\"async\" width=\"1024\" height=\"747\" src=\"https:\/\/www.viajes.com\/blog\/wp-content\/uploads\/2022\/06\/alano-oliveira-yFr8dOx7lWA-unsplash-1024x747.jpg\" alt=\"\" class=\"wp-image-1238\" srcset=\"https:\/\/www.viajes.com\/blog\/wp-content\/uploads\/2022\/06\/alano-oliveira-yFr8dOx7lWA-unsplash-1024x747.jpg 1024w, https:\/\/www.viajes.com\/blog\/wp-content\/uploads\/2022\/06\/alano-oliveira-yFr8dOx7lWA-unsplash-300x219.jpg 300w, https:\/\/www.viajes.com\/blog\/wp-content\/uploads\/2022\/06\/alano-oliveira-yFr8dOx7lWA-unsplash-768x560.jpg 768w, https:\/\/www.viajes.com\/blog\/wp-content\/uploads\/2022\/06\/alano-oliveira-yFr8dOx7lWA-unsplash-1536x1120.jpg 1536w, https:\/\/www.viajes.com\/blog\/wp-content\/uploads\/2022\/06\/alano-oliveira-yFr8dOx7lWA-unsplash-2048x1493.jpg 2048w\" sizes=\"auto, (max-width: 1024px) 100vw, 1024px\" \/><\/figure>\n\n\n\n<p>Si todav\u00eda no te convence este para\u00edso, rel\u00e1jate en los ba\u00f1os termales naturales de Caldeira Velha . En medio del verde bosque selv\u00e1tico, surgen aguas termales que son sencillamente buenas para el cuerpo y la mente. El agua es calentada por el centro del volc\u00e1n, el alma del Agua de Pau, y es muy rica en hierro. Un verdadero espect\u00e1culo de la naturaleza. Que lo disfrutes. <\/p>\n\n\n\n<figure class=\"wp-block-gallery has-nested-images columns-default is-cropped wp-block-gallery-1 is-layout-flex wp-block-gallery-is-layout-flex\">\n<figure class=\"wp-block-image size-large\"><img loading=\"lazy\" decoding=\"async\" width=\"1024\" height=\"684\" data-id=\"1239\" src=\"https:\/\/www.viajes.com\/blog\/wp-content\/uploads\/2022\/06\/tiago-miguel-pereira-jRPbKV26nPc-unsplash-1024x684.jpg\" alt=\"\" class=\"wp-image-1239\" srcset=\"https:\/\/www.viajes.com\/blog\/wp-content\/uploads\/2022\/06\/tiago-miguel-pereira-jRPbKV26nPc-unsplash-1024x684.jpg 1024w, https:\/\/www.viajes.com\/blog\/wp-content\/uploads\/2022\/06\/tiago-miguel-pereira-jRPbKV26nPc-unsplash-300x200.jpg 300w, https:\/\/www.viajes.com\/blog\/wp-content\/uploads\/2022\/06\/tiago-miguel-pereira-jRPbKV26nPc-unsplash-768x513.jpg 768w, https:\/\/www.viajes.com\/blog\/wp-content\/uploads\/2022\/06\/tiago-miguel-pereira-jRPbKV26nPc-unsplash-1536x1026.jpg 1536w, https:\/\/www.viajes.com\/blog\/wp-content\/uploads\/2022\/06\/tiago-miguel-pereira-jRPbKV26nPc-unsplash.jpg 1920w\" sizes=\"auto, (max-width: 1024px) 100vw, 1024px\" \/><\/figure>\n<\/figure>\n\n\n\n<p>Un consejo para ti: Especialmente los domingos, los lugare\u00f1os siempre sirven el famoso guiso, con muchos tipos de carne y verduras. La particularidad es que el guiso se cocina durante 6 horas en un agujero en la tierra. Estos agujeros en el suelo tienen altas temperaturas y se utilizan simplemente como cocina. Algo maravilloso que a los azore\u00f1os les gusta disfrutar con toda la familia en la naturaleza. Es impresionante que existan lugares as\u00ed. \u00a1No olvides consultar nuestras ofertas especiales <a href=\"https:\/\/www.viajes.com\/ofertas\/viaje-a-la-isla-de-sao-miguel-3\/\" target=\"_blank\" rel=\"noreferrer noopener\">aqu\u00ed!<\/a><\/p>\n\n\n\n<p><br><br><\/p>\n","protected":false},"excerpt":{"rendered":"<p>Ponta Delgada es la capital de S\u00e3o Miguel y, con 70.000 habitantes, la mayor ciudad de todas las Azores. Aqu\u00ed, en S\u00e3o Miguel, se refleja el encanto portugu\u00e9s. Las iglesias cat\u00f3licas, la decoraci\u00f3n de las calles y los t\u00edpicos azulejos en las paredes y suelos. S\u00ed, aqu\u00ed s\u00ed se nota que est\u00e1s en Portugal. Hay [&hellip;]<\/p>\n","protected":false},"author":3,"featured_media":1228,"comment_status":"open","ping_status":"closed","sticky":false,"template":"","format":"standard","meta":{"footnotes":""},"categories":[43,12,216,56,39,25,7,8,1,60,61,65,10,41,102,217],"tags":[],"class_list":["post-1220","post","type-post","status-publish","format-standard","has-post-thumbnail","hentry","category-actividades","category-aventura","category-azores","category-ciudad-y-playa","category-cultura","category-deportes","category-familia","category-gastronomia","category-general","category-historico-y-cultural","category-isla","category-lagos","category-naturaleza","category-paquetes","category-portugal","category-sao-miguel"],"_links":{"self":[{"href":"https:\/\/www.viajes.com\/blog\/wp-json\/wp\/v2\/posts\/1220","targetHints":{"allow":["GET"]}}],"collection":[{"href":"https:\/\/www.viajes.com\/blog\/wp-json\/wp\/v2\/posts"}],"about":[{"href":"https:\/\/www.viajes.com\/blog\/wp-json\/wp\/v2\/types\/post"}],"author":[{"embeddable":true,"href":"https:\/\/www.viajes.com\/blog\/wp-json\/wp\/v2\/users\/3"}],"replies":[{"embeddable":true,"href":"https:\/\/www.viajes.com\/blog\/wp-json\/wp\/v2\/comments?post=1220"}],"version-history":[{"count":9,"href":"https:\/\/www.viajes.com\/blog\/wp-json\/wp\/v2\/posts\/1220\/revisions"}],"predecessor-version":[{"id":1684,"href":"https:\/\/www.viajes.com\/blog\/wp-json\/wp\/v2\/posts\/1220\/revisions\/1684"}],"wp:featuredmedia":[{"embeddable":true,"href":"https:\/\/www.viajes.com\/blog\/wp-json\/wp\/v2\/media\/1228"}],"wp:attachment":[{"href":"https:\/\/www.viajes.com\/blog\/wp-json\/wp\/v2\/media?parent=1220"}],"wp:term":[{"taxonomy":"category","embeddable":true,"href":"https:\/\/www.viajes.com\/blog\/wp-json\/wp\/v2\/categories?post=1220"},{"taxonomy":"post_tag","embeddable":true,"href":"https:\/\/www.viajes.com\/blog\/wp-json\/wp\/v2\/tags?post=1220"}],"curies":[{"name":"wp","href":"https:\/\/api.w.org\/{rel}","templated":true}]}}