{"id":1243,"date":"2022-06-07T10:47:08","date_gmt":"2022-06-07T08:47:08","guid":{"rendered":"https:\/\/www.viajes.com\/blog\/?p=1243"},"modified":"2022-09-16T10:14:39","modified_gmt":"2022-09-16T08:14:39","slug":"costa-de-la-luz-playas-largas-con-dunas-y-sol-brillante","status":"publish","type":"post","link":"https:\/\/www.viajes.com\/blog\/costa-de-la-luz-playas-largas-con-dunas-y-sol-brillante\/","title":{"rendered":"Costa de la luz &#8211; Playas largas con dunas y sol brillante"},"content":{"rendered":"\n<p>La <a href=\"https:\/\/www.viajes.com\/espana\/costa-de-la-luz\/\" target=\"_blank\" rel=\"noreferrer noopener\">Costa de la Luz<\/a> se extiende desde la frontera con Portugal hasta Tarifa pasando por C\u00e1diz. Con sus 200 kil\u00f3metros de playas de arena dorada y dunas, atrae a muchos visitantes durante todo el a\u00f1o. Especialmente en verano, la Costa de la Luz es un popular destino de vacaciones. Pero no solo ahora esta parte de Espa\u00f1a es muy popular. Tambi\u00e9n conlleva una verdadera historia de conquista. Esto es evidente tanto en los diversos legados dejados, como los edificios antiguos de diferentes \u00e9pocas, como en la cultura. \u00a1No te pierdas los consejos de zonas que visitar y de actividades que realizar!<\/p>\n\n\n\n<figure class=\"wp-block-image size-large\"><img loading=\"lazy\" decoding=\"async\" width=\"1024\" height=\"536\" src=\"https:\/\/www.viajes.com\/blog\/wp-content\/uploads\/2022\/06\/enrique-alarcon-YT4pUNOa5wI-unsplash-1024x536.jpg\" alt=\"\" class=\"wp-image-1245\" srcset=\"https:\/\/www.viajes.com\/blog\/wp-content\/uploads\/2022\/06\/enrique-alarcon-YT4pUNOa5wI-unsplash-1024x536.jpg 1024w, https:\/\/www.viajes.com\/blog\/wp-content\/uploads\/2022\/06\/enrique-alarcon-YT4pUNOa5wI-unsplash-300x157.jpg 300w, https:\/\/www.viajes.com\/blog\/wp-content\/uploads\/2022\/06\/enrique-alarcon-YT4pUNOa5wI-unsplash-768x402.jpg 768w, https:\/\/www.viajes.com\/blog\/wp-content\/uploads\/2022\/06\/enrique-alarcon-YT4pUNOa5wI-unsplash-1536x804.jpg 1536w, https:\/\/www.viajes.com\/blog\/wp-content\/uploads\/2022\/06\/enrique-alarcon-YT4pUNOa5wI-unsplash-2048x1072.jpg 2048w\" sizes=\"auto, (max-width: 1024px) 100vw, 1024px\" \/><\/figure>\n\n\n\n<p>C\u00e1diz es conocida por su hermosa ciudad portuaria de la costa atl\u00e1ntica. No hace falta decir que este puerto ha jugado un papel importante en la historia del pa\u00eds y del mundo, ya que junto con Barcelona ha sido uno de los puertos m\u00e1s importantes de Espa\u00f1a y uno de los m\u00e1s importantes de Europa a lo largo de la historia. Adem\u00e1s, C\u00e1diz es la ciudad m\u00e1s antigua de Europa, ya que los fenicios fundaron un asentamiento en la zona que hoy conocemos como C\u00e1diz antes del 1100 a.C. Merece la pena explorar sus calles y perderse en su cultura.<\/p>\n\n\n\n<figure class=\"wp-block-image size-large\"><img loading=\"lazy\" decoding=\"async\" width=\"1024\" height=\"683\" src=\"https:\/\/www.viajes.com\/blog\/wp-content\/uploads\/2022\/06\/jordi-vich-navarro-HI6rJdjNch8-unsplash-1024x683.jpg\" alt=\"\" class=\"wp-image-1246\" srcset=\"https:\/\/www.viajes.com\/blog\/wp-content\/uploads\/2022\/06\/jordi-vich-navarro-HI6rJdjNch8-unsplash-1024x683.jpg 1024w, https:\/\/www.viajes.com\/blog\/wp-content\/uploads\/2022\/06\/jordi-vich-navarro-HI6rJdjNch8-unsplash-300x200.jpg 300w, https:\/\/www.viajes.com\/blog\/wp-content\/uploads\/2022\/06\/jordi-vich-navarro-HI6rJdjNch8-unsplash-768x512.jpg 768w, https:\/\/www.viajes.com\/blog\/wp-content\/uploads\/2022\/06\/jordi-vich-navarro-HI6rJdjNch8-unsplash-1536x1024.jpg 1536w, https:\/\/www.viajes.com\/blog\/wp-content\/uploads\/2022\/06\/jordi-vich-navarro-HI6rJdjNch8-unsplash-2048x1365.jpg 2048w\" sizes=\"auto, (max-width: 1024px) 100vw, 1024px\" \/><\/figure>\n\n\n\n<p>Huelva es y fue una de las ciudades portuarias m\u00e1s importantes de toda Europa. Hace m\u00e1s de 3.000 a\u00f1os, era el principal centro de intercambio y de intensas relaciones comerciales. Debido a las diversas conquistas de los siglos pasados, tambi\u00e9n se puede ver aqu\u00ed la colorida mezcla de los diferentes edificios de los conquistadores. Desde aqu\u00ed, por ejemplo, Crist\u00f3bal Col\u00f3n emprendi\u00f3 su viaje para descubrir el mundo. Huelva se extiende a lo largo de las orillas de dos r\u00edos, el R\u00edo Odiel y el R\u00edo Tinto, que desembocan en el Oc\u00e9ano Atl\u00e1ntico al este. Rodeada de playas y parques naturales, Huelva es tambi\u00e9n un lugar ideal para disfrutar de unas vacaciones.<\/p>\n\n\n\n<p>Lo que m\u00e1s impresiona de la Costa de la Luz, son realmente las largas playas de arena y los parques naturales como la Playa del Cal\u00e9. Una hermosa playa rodeada de dunas. Aqu\u00ed encontrar\u00e1 sin duda espacio suficiente para estirarte tu toalla en la playa. Si quieres sumergirte a\u00fan m\u00e1s en la naturaleza, te recomendamos el Parque Nacional de Do\u00f1ana. Es el espacio natural con mayor biodiversidad de Europa, siendo el grupo de las aves el m\u00e1s importante. Es un lugar ideal para enamorarse de los sonidos de la naturaleza.<\/p>\n\n\n\n<figure class=\"wp-block-image size-large\"><img loading=\"lazy\" decoding=\"async\" width=\"1024\" height=\"683\" src=\"https:\/\/www.viajes.com\/blog\/wp-content\/uploads\/2022\/06\/jorge-fernandez-salas-5nwQy6dUxyE-unsplash-1024x683.jpg\" alt=\"\" class=\"wp-image-1247\" srcset=\"https:\/\/www.viajes.com\/blog\/wp-content\/uploads\/2022\/06\/jorge-fernandez-salas-5nwQy6dUxyE-unsplash-1024x683.jpg 1024w, https:\/\/www.viajes.com\/blog\/wp-content\/uploads\/2022\/06\/jorge-fernandez-salas-5nwQy6dUxyE-unsplash-300x200.jpg 300w, https:\/\/www.viajes.com\/blog\/wp-content\/uploads\/2022\/06\/jorge-fernandez-salas-5nwQy6dUxyE-unsplash-768x512.jpg 768w, https:\/\/www.viajes.com\/blog\/wp-content\/uploads\/2022\/06\/jorge-fernandez-salas-5nwQy6dUxyE-unsplash-1536x1024.jpg 1536w, https:\/\/www.viajes.com\/blog\/wp-content\/uploads\/2022\/06\/jorge-fernandez-salas-5nwQy6dUxyE-unsplash.jpg 1920w\" sizes=\"auto, (max-width: 1024px) 100vw, 1024px\" \/><\/figure>\n\n\n\n<p>Si prefieres explorar pueblos peque\u00f1os, no te pierdas Conil de la Frontera. Un pintoresco pueblo con casas blancas y las m\u00e1s bellas playas de arena blanca. En este pueblo pesquero encontrar\u00e1s todo lo que tu coraz\u00f3n playero desea. Desde buenos restaurantes, casas de playa hasta tiendas elegantes. Conil de la Frontera sigue siendo un destino vacacional bastante secreto, por lo que los lugare\u00f1os pasan aqu\u00ed su tiempo libre. \u00bfAlguna raz\u00f3n m\u00e1s para ir a la Costa de la Luz?<\/p>\n\n\n\n<figure class=\"wp-block-image size-large\"><img loading=\"lazy\" decoding=\"async\" width=\"1024\" height=\"683\" src=\"https:\/\/www.viajes.com\/blog\/wp-content\/uploads\/2022\/06\/jesus-minchon-EdWAqUli_4A-unsplash-1024x683.jpg\" alt=\"\" class=\"wp-image-1251\" srcset=\"https:\/\/www.viajes.com\/blog\/wp-content\/uploads\/2022\/06\/jesus-minchon-EdWAqUli_4A-unsplash-1024x683.jpg 1024w, https:\/\/www.viajes.com\/blog\/wp-content\/uploads\/2022\/06\/jesus-minchon-EdWAqUli_4A-unsplash-300x200.jpg 300w, https:\/\/www.viajes.com\/blog\/wp-content\/uploads\/2022\/06\/jesus-minchon-EdWAqUli_4A-unsplash-768x512.jpg 768w, https:\/\/www.viajes.com\/blog\/wp-content\/uploads\/2022\/06\/jesus-minchon-EdWAqUli_4A-unsplash-1536x1024.jpg 1536w, https:\/\/www.viajes.com\/blog\/wp-content\/uploads\/2022\/06\/jesus-minchon-EdWAqUli_4A-unsplash-2048x1365.jpg 2048w\" sizes=\"auto, (max-width: 1024px) 100vw, 1024px\" \/><\/figure>\n\n\n\n<p>Si alguna vez est\u00e1 en la costa de la luz de Andaluc\u00eda a finales de mayo o principios de junio, no te pierdas es espect\u00e1culo de la mayor y m\u00e1s magn\u00edfica romer\u00eda del Roc\u00edo. Creyentes de todo el pa\u00eds se re\u00fanen aqu\u00ed para celebrar juntos. La Romer\u00eda del Roc\u00edo de Huelva es una de las fiestas m\u00e1s famosas y visitadas de Espa\u00f1a. Creyentes de diferentes cofrad\u00edas se desplazan a pie, a caballo o en carruajes hasta las puertas de la ermita del pueblo para rendir homenaje al patr\u00f3n. \u00a1No olvides consultar nuestras ofertas especiales <a href=\"https:\/\/www.viajes.com\/ofertas\/descanso-en-la-costa-de-la-luz-3\/\" target=\"_blank\" rel=\"noreferrer noopener\">aqu\u00ed<\/a>!<\/p>\n","protected":false},"excerpt":{"rendered":"<p>La Costa de la Luz se extiende desde la frontera con Portugal hasta Tarifa pasando por C\u00e1diz. Con sus 200 kil\u00f3metros de playas de arena dorada y dunas, atrae a muchos visitantes durante todo el a\u00f1o. Especialmente en verano, la Costa de la Luz es un popular destino de vacaciones. Pero no solo ahora esta [&hellip;]<\/p>\n","protected":false},"author":3,"featured_media":1279,"comment_status":"open","ping_status":"closed","sticky":false,"template":"","format":"standard","meta":{"footnotes":""},"categories":[100,162,38,69,7,1,60,55,10,41,31,211],"tags":[],"class_list":["post-1243","post","type-post","status-publish","format-standard","has-post-thumbnail","hentry","category-andalucia","category-cadiz","category-espana","category-europa","category-familia","category-general","category-historico-y-cultural","category-los-mejores-precios","category-naturaleza","category-paquetes","category-parques-naturales","category-unesco"],"_links":{"self":[{"href":"https:\/\/www.viajes.com\/blog\/wp-json\/wp\/v2\/posts\/1243","targetHints":{"allow":["GET"]}}],"collection":[{"href":"https:\/\/www.viajes.com\/blog\/wp-json\/wp\/v2\/posts"}],"about":[{"href":"https:\/\/www.viajes.com\/blog\/wp-json\/wp\/v2\/types\/post"}],"author":[{"embeddable":true,"href":"https:\/\/www.viajes.com\/blog\/wp-json\/wp\/v2\/users\/3"}],"replies":[{"embeddable":true,"href":"https:\/\/www.viajes.com\/blog\/wp-json\/wp\/v2\/comments?post=1243"}],"version-history":[{"count":6,"href":"https:\/\/www.viajes.com\/blog\/wp-json\/wp\/v2\/posts\/1243\/revisions"}],"predecessor-version":[{"id":1268,"href":"https:\/\/www.viajes.com\/blog\/wp-json\/wp\/v2\/posts\/1243\/revisions\/1268"}],"wp:featuredmedia":[{"embeddable":true,"href":"https:\/\/www.viajes.com\/blog\/wp-json\/wp\/v2\/media\/1279"}],"wp:attachment":[{"href":"https:\/\/www.viajes.com\/blog\/wp-json\/wp\/v2\/media?parent=1243"}],"wp:term":[{"taxonomy":"category","embeddable":true,"href":"https:\/\/www.viajes.com\/blog\/wp-json\/wp\/v2\/categories?post=1243"},{"taxonomy":"post_tag","embeddable":true,"href":"https:\/\/www.viajes.com\/blog\/wp-json\/wp\/v2\/tags?post=1243"}],"curies":[{"name":"wp","href":"https:\/\/api.w.org\/{rel}","templated":true}]}}