{"id":158,"date":"2020-10-20T09:00:00","date_gmt":"2020-10-20T07:00:00","guid":{"rendered":"https:\/\/www.viajes.com\/blog\/?p=158"},"modified":"2022-09-16T10:30:08","modified_gmt":"2022-09-16T08:30:08","slug":"mallorca-la-isla-del-mediterraneo-que-lo-tiene-todo","status":"publish","type":"post","link":"https:\/\/www.viajes.com\/blog\/mallorca-la-isla-del-mediterraneo-que-lo-tiene-todo\/","title":{"rendered":"Mallorca, la isla del Mediterr\u00e1neo que lo tiene todo"},"content":{"rendered":"\n<p><a href=\"https:\/\/www.viajes.es\/espana\/isla-mallorca\" target=\"_blank\" rel=\"noreferrer noopener\">Mallorca<\/a>, una de las mejores islas del Mar Mediterr\u00e1neo, con sus incre\u00edbles monta\u00f1as, frondosos valles, curiosos pueblos, carreteras por las que da gusto conducir y con unos acantilados que te dejar\u00e1n sin habla. La m\u00e1s grande de las Islas Baleares es conocida en Europa entera. Esta isla es perfecta para cualquier tipo de turista, los senderistas se podr\u00e1n perder entre la bella naturaleza de la isla, los amantes de la playa podr\u00e1n calentarse bajo el sol y refrescarse en las aguas que ba\u00f1an la isla y los amantes de la gastronom\u00eda disfrutar\u00e1n de cada bocado que prueben preparado con la comida fresca que ofrece el entorno.<\/p>\n\n\n\n<figure class=\"wp-block-image size-large\"><img loading=\"lazy\" decoding=\"async\" width=\"1024\" height=\"678\" src=\"https:\/\/www.viajes.com\/blog\/wp-content\/uploads\/2022\/04\/michael-heuser-kvLqSqzrO-k-unsplash-1024x678.jpg\" alt=\"\" class=\"wp-image-1065\" srcset=\"https:\/\/www.viajes.com\/blog\/wp-content\/uploads\/2022\/04\/michael-heuser-kvLqSqzrO-k-unsplash-1024x678.jpg 1024w, https:\/\/www.viajes.com\/blog\/wp-content\/uploads\/2022\/04\/michael-heuser-kvLqSqzrO-k-unsplash-300x199.jpg 300w, https:\/\/www.viajes.com\/blog\/wp-content\/uploads\/2022\/04\/michael-heuser-kvLqSqzrO-k-unsplash-768x509.jpg 768w, https:\/\/www.viajes.com\/blog\/wp-content\/uploads\/2022\/04\/michael-heuser-kvLqSqzrO-k-unsplash-1536x1017.jpg 1536w, https:\/\/www.viajes.com\/blog\/wp-content\/uploads\/2022\/04\/michael-heuser-kvLqSqzrO-k-unsplash-2048x1356.jpg 2048w\" sizes=\"auto, (max-width: 1024px) 100vw, 1024px\" \/><\/figure>\n\n\n\n<p>En Palma podr\u00e1s encontrar la Catedral de Mallorca, o la Seu. Este pedacito del patrimonio de estilo g\u00f3tico levantino mezclado con las antiguas murallas romanas te impresionar\u00e1, sobre todo su roset\u00f3n uno de los m\u00e1s grandes de los de este estilo en Europa. En esta catedral disfrutar\u00e1s del trabajo realizado por grandes como Gaud\u00ed y Barcel\u00f3.<\/p>\n\n\n\n<p>Hacia el sur se encuentra el Parque Natural de Mondrag\u00f3, un espacio protegido con unos frondosos bosques y una costa impresionante. Aqu\u00ed podr\u00e1s visitar la Cala Mondrag\u00f3 y la playa S\u2019Amador, dos sitios visitados por bastante gente, pero imprescindibles en el viaje a la isla.<\/p>\n\n\n\n<figure class=\"wp-block-image size-large\"><img loading=\"lazy\" decoding=\"async\" width=\"1024\" height=\"683\" src=\"https:\/\/www.viajes.com\/blog\/wp-content\/uploads\/2022\/04\/tom-podmore-SaW5DBItJHI-unsplash-1-1024x683.jpg\" alt=\"\" class=\"wp-image-1067\" srcset=\"https:\/\/www.viajes.com\/blog\/wp-content\/uploads\/2022\/04\/tom-podmore-SaW5DBItJHI-unsplash-1-1024x683.jpg 1024w, https:\/\/www.viajes.com\/blog\/wp-content\/uploads\/2022\/04\/tom-podmore-SaW5DBItJHI-unsplash-1-300x200.jpg 300w, https:\/\/www.viajes.com\/blog\/wp-content\/uploads\/2022\/04\/tom-podmore-SaW5DBItJHI-unsplash-1-768x512.jpg 768w, https:\/\/www.viajes.com\/blog\/wp-content\/uploads\/2022\/04\/tom-podmore-SaW5DBItJHI-unsplash-1-1536x1024.jpg 1536w, https:\/\/www.viajes.com\/blog\/wp-content\/uploads\/2022\/04\/tom-podmore-SaW5DBItJHI-unsplash-1-2048x1365.jpg 2048w\" sizes=\"auto, (max-width: 1024px) 100vw, 1024px\" \/><\/figure>\n\n\n\n<p>Para desconectar, te recomendamos que visites Valldemosa, un pueblito encantador y antigua comunidad agr\u00edcola \u00e1rabe. Podr\u00e1s disfrutar de la tranquila arquitectura local y si amas el senderismo, aqu\u00ed podr\u00e1s comenzar el Camino del Archiduque, que termina en el monte Puig del Teix, donde disfrutar\u00e1s de unas vistas incomparables.<\/p>\n\n\n\n<p>Despl\u00e1zate al norte de la isla para llegar a Sant Elm. Este peque\u00f1o pueblo de 400 habitantes es el lugar perfecto para ver una de las peque\u00f1as joyas de Mallorca, el islote de Sa Dragonera. En este islote podr\u00e1s disfrutar de la naturaleza y del senderismo, para llegar, puedes ir en uno de los barcos que parten regularmente desde Sant Elm.<\/p>\n\n\n\n<p>No puedes irte de Mallorca sin haber visitado Sa Calobra y Cala Tuent. Estas son dos de las mejores calas de la isla, aqu\u00ed podr\u00e1s disfrutar de aguas cristalinas escondidas entre imponentes acantilados rocosos. Lo mejor es levantarte pronto para ir a Sa Calobra y evitar a las masas. Luego, te recomendamos ir hasta Cala Tuent, no tan conocida.<\/p>\n\n\n\n<figure class=\"wp-block-image size-large\"><img loading=\"lazy\" decoding=\"async\" width=\"1024\" height=\"683\" src=\"https:\/\/www.viajes.com\/blog\/wp-content\/uploads\/2022\/04\/eugene-zhyvchik-P_nM4HIeX8Y-unsplash-1024x683.jpg\" alt=\"\" class=\"wp-image-1068\" srcset=\"https:\/\/www.viajes.com\/blog\/wp-content\/uploads\/2022\/04\/eugene-zhyvchik-P_nM4HIeX8Y-unsplash-1024x683.jpg 1024w, https:\/\/www.viajes.com\/blog\/wp-content\/uploads\/2022\/04\/eugene-zhyvchik-P_nM4HIeX8Y-unsplash-300x200.jpg 300w, https:\/\/www.viajes.com\/blog\/wp-content\/uploads\/2022\/04\/eugene-zhyvchik-P_nM4HIeX8Y-unsplash-768x512.jpg 768w, https:\/\/www.viajes.com\/blog\/wp-content\/uploads\/2022\/04\/eugene-zhyvchik-P_nM4HIeX8Y-unsplash-1536x1024.jpg 1536w, https:\/\/www.viajes.com\/blog\/wp-content\/uploads\/2022\/04\/eugene-zhyvchik-P_nM4HIeX8Y-unsplash-2048x1365.jpg 2048w\" sizes=\"auto, (max-width: 1024px) 100vw, 1024px\" \/><\/figure>\n\n\n\n<p>Para que no te canses del sol, te recomendamos ir de excursi\u00f3n a las cuevas del Drach. Situadas en Porto Cristo, las cuatro cuevas (dels Francesos, de Lluis Salvador, Blanca y Negra), est\u00e1n conectadas entre ellas y llegan a un m\u00e1ximo de 25 metros de profundidad. La sensaci\u00f3n de estar en estas cuevas es indescriptible, entre los diferentes tonos de las paredes provocados por los diferentes minerales y el bruto espect\u00e1culo son los techos, acompa\u00f1ado de m\u00fasica cl\u00e1sica.<\/p>\n\n\n\n<figure class=\"wp-block-image size-large\"><img loading=\"lazy\" decoding=\"async\" width=\"1024\" height=\"683\" src=\"https:\/\/www.viajes.com\/blog\/wp-content\/uploads\/2022\/04\/tanja-cotoaga-S44grM8NL-I-unsplash-1024x683.jpg\" alt=\"\" class=\"wp-image-1064\" srcset=\"https:\/\/www.viajes.com\/blog\/wp-content\/uploads\/2022\/04\/tanja-cotoaga-S44grM8NL-I-unsplash-1024x683.jpg 1024w, https:\/\/www.viajes.com\/blog\/wp-content\/uploads\/2022\/04\/tanja-cotoaga-S44grM8NL-I-unsplash-300x200.jpg 300w, https:\/\/www.viajes.com\/blog\/wp-content\/uploads\/2022\/04\/tanja-cotoaga-S44grM8NL-I-unsplash-768x512.jpg 768w, https:\/\/www.viajes.com\/blog\/wp-content\/uploads\/2022\/04\/tanja-cotoaga-S44grM8NL-I-unsplash-1536x1024.jpg 1536w, https:\/\/www.viajes.com\/blog\/wp-content\/uploads\/2022\/04\/tanja-cotoaga-S44grM8NL-I-unsplash-2048x1365.jpg 2048w\" sizes=\"auto, (max-width: 1024px) 100vw, 1024px\" \/><\/figure>\n\n\n\n<p>Como must de esta isla, te hablamos del Cabo de Formentor. Aqu\u00ed encontrar\u00e1s unos paisajes que te dejar\u00e1n sin respiraci\u00f3n, como sus bellas playas y los incre\u00edbles miradores desde los que podr\u00e1s disfrutar de atardeceres que te har\u00e1n suspirar. Te recomendamos los miradores de Talaia d\u2019Albercutx y de Es Colomer, la playa de Formentor, Cala Figuera y puedes acabar en el Faro de Formentor como guinda del pastel.<\/p>\n\n\n\n<p>\u00a1No olvides consultar nuestras ofertas especiales <a href=\"https:\/\/www.viajes.es\/espana\/isla-mallorca\" target=\"_blank\" rel=\"noreferrer noopener\">aqu\u00ed<\/a>!<\/p>\n","protected":false},"excerpt":{"rendered":"<p>Mallorca, una de las mejores islas del Mar Mediterr\u00e1neo, con sus incre\u00edbles monta\u00f1as, frondosos valles, curiosos pueblos, carreteras por las que da gusto conducir y con unos acantilados que te dejar\u00e1n sin habla. La m\u00e1s grande de las Islas Baleares es conocida en Europa entera. Esta isla es perfecta para cualquier tipo de turista, los [&hellip;]<\/p>\n","protected":false},"author":3,"featured_media":171,"comment_status":"open","ping_status":"closed","sticky":false,"template":"","format":"standard","meta":{"footnotes":""},"categories":[43,56,32,38,69,64,24,42,61,21,55,77,20,10,41,9,30],"tags":[],"class_list":["post-158","post","type-post","status-publish","format-standard","has-post-thumbnail","hentry","category-actividades","category-ciudad-y-playa","category-escapadas","category-espana","category-europa","category-excursiones","category-hiking","category-hoteles","category-isla","category-islas-baleares","category-los-mejores-precios","category-mallorca","category-mediterraneo","category-naturaleza","category-paquetes","category-playa","category-surf"],"_links":{"self":[{"href":"https:\/\/www.viajes.com\/blog\/wp-json\/wp\/v2\/posts\/158","targetHints":{"allow":["GET"]}}],"collection":[{"href":"https:\/\/www.viajes.com\/blog\/wp-json\/wp\/v2\/posts"}],"about":[{"href":"https:\/\/www.viajes.com\/blog\/wp-json\/wp\/v2\/types\/post"}],"author":[{"embeddable":true,"href":"https:\/\/www.viajes.com\/blog\/wp-json\/wp\/v2\/users\/3"}],"replies":[{"embeddable":true,"href":"https:\/\/www.viajes.com\/blog\/wp-json\/wp\/v2\/comments?post=158"}],"version-history":[{"count":4,"href":"https:\/\/www.viajes.com\/blog\/wp-json\/wp\/v2\/posts\/158\/revisions"}],"predecessor-version":[{"id":1069,"href":"https:\/\/www.viajes.com\/blog\/wp-json\/wp\/v2\/posts\/158\/revisions\/1069"}],"wp:featuredmedia":[{"embeddable":true,"href":"https:\/\/www.viajes.com\/blog\/wp-json\/wp\/v2\/media\/171"}],"wp:attachment":[{"href":"https:\/\/www.viajes.com\/blog\/wp-json\/wp\/v2\/media?parent=158"}],"wp:term":[{"taxonomy":"category","embeddable":true,"href":"https:\/\/www.viajes.com\/blog\/wp-json\/wp\/v2\/categories?post=158"},{"taxonomy":"post_tag","embeddable":true,"href":"https:\/\/www.viajes.com\/blog\/wp-json\/wp\/v2\/tags?post=158"}],"curies":[{"name":"wp","href":"https:\/\/api.w.org\/{rel}","templated":true}]}}