{"id":1808,"date":"2023-02-28T11:46:58","date_gmt":"2023-02-28T10:46:58","guid":{"rendered":"https:\/\/www.viajes.com\/blog\/?p=1808"},"modified":"2023-02-28T13:38:34","modified_gmt":"2023-02-28T12:38:34","slug":"marbella-una-ciudad-lujosa","status":"publish","type":"post","link":"https:\/\/www.viajes.com\/blog\/marbella-una-ciudad-lujosa\/","title":{"rendered":"Marbella &#8211; Una ciudad lujosa"},"content":{"rendered":"\n<p><a href=\"https:\/\/www.viajes.com\/espana\/marbella\/\">Marbella<\/a> es conocida por sus preciosas playas de arena blanca, su incre\u00edble clima y sus buenos restaurantes. Tambi\u00e9n sabemos que es famoso por lo lujoso que es, personas de clase muy alta a menudo eligen este destino para pasar sus vacaciones aqu\u00ed. Es un sitio ideal para pasar con la familia, amigos o solo. Aqu\u00ed les dejamos los sitios imprescindibles de Marbella.<\/p>\n\n\n\n<p>Lo primero ser\u00eda visitar la Avenida del Mar que se considera que es un peque\u00f1o museo al aire libre ya que tiene diez esculturas en bronce dise\u00f1adas por Salvador Dal\u00ed.<br>Al llegar al final de la Avenida se encontrar\u00e1n con el precioso Paseo Mar\u00edtimo y la Playa Venus donde podr\u00e1n disfrutar de la m\u00fasica chill out en alguno de sus chiringuitos y tumbarse debajo de una palmera o sombrilla.<\/p>\n\n\n\n<figure class=\"wp-block-image size-large\"><img loading=\"lazy\" decoding=\"async\" width=\"1024\" height=\"681\" src=\"https:\/\/www.viajes.com\/blog\/wp-content\/uploads\/2023\/02\/beach-ge676180e4_1280-1024x681.jpg\" alt=\"\" class=\"wp-image-1820\" srcset=\"https:\/\/www.viajes.com\/blog\/wp-content\/uploads\/2023\/02\/beach-ge676180e4_1280-1024x681.jpg 1024w, https:\/\/www.viajes.com\/blog\/wp-content\/uploads\/2023\/02\/beach-ge676180e4_1280-300x199.jpg 300w, https:\/\/www.viajes.com\/blog\/wp-content\/uploads\/2023\/02\/beach-ge676180e4_1280-768x511.jpg 768w, https:\/\/www.viajes.com\/blog\/wp-content\/uploads\/2023\/02\/beach-ge676180e4_1280.jpg 1280w\" sizes=\"auto, (max-width: 1024px) 100vw, 1024px\" \/><\/figure>\n\n\n\n<p>A continuaci\u00f3n tenemos el Parque de la Alameda donde puede aprovechar y descansar a la sombra despu\u00e9s de un d\u00eda de playa. Est\u00e1 presidido por una gran fuente circular rodeada de bonitos bancos de azulejos andaluces y muchos \u00e1rboles.<\/p>\n\n\n\n<figure class=\"wp-block-image size-large\"><img loading=\"lazy\" decoding=\"async\" width=\"1024\" height=\"668\" src=\"https:\/\/www.viajes.com\/blog\/wp-content\/uploads\/2023\/02\/spain-g68cd5e20e_1280-1024x668.jpg\" alt=\"\" class=\"wp-image-1821\" srcset=\"https:\/\/www.viajes.com\/blog\/wp-content\/uploads\/2023\/02\/spain-g68cd5e20e_1280-1024x668.jpg 1024w, https:\/\/www.viajes.com\/blog\/wp-content\/uploads\/2023\/02\/spain-g68cd5e20e_1280-300x196.jpg 300w, https:\/\/www.viajes.com\/blog\/wp-content\/uploads\/2023\/02\/spain-g68cd5e20e_1280-768x501.jpg 768w, https:\/\/www.viajes.com\/blog\/wp-content\/uploads\/2023\/02\/spain-g68cd5e20e_1280.jpg 1280w\" sizes=\"auto, (max-width: 1024px) 100vw, 1024px\" \/><\/figure>\n\n\n\n<p>Cerca del Parque de la Alameda encontrar\u00e1n la Plaza de los Naranjos que fue construido despu\u00e9s de la reconquista cristiana en 1485. Esta plaza est\u00e1 rodeada de casas blancas de estilo andaluz y edificios hist\u00f3ricos como la Casa Consistorial, la Casa del Corregidor y la Ermita de Santiago que es el templo religioso m\u00e1s antiguo de toda la ciudad. Podr\u00e1n aprovechar y tomarse algo en sus preciosas terrazas.<\/p>\n\n\n\n<figure class=\"wp-block-image size-large\"><img loading=\"lazy\" decoding=\"async\" width=\"1024\" height=\"683\" src=\"https:\/\/www.viajes.com\/blog\/wp-content\/uploads\/2023\/02\/philippe-gauthier-eaOjEz8746k-unsplash-1024x683.jpg\" alt=\"\" class=\"wp-image-1817\" srcset=\"https:\/\/www.viajes.com\/blog\/wp-content\/uploads\/2023\/02\/philippe-gauthier-eaOjEz8746k-unsplash-1024x683.jpg 1024w, https:\/\/www.viajes.com\/blog\/wp-content\/uploads\/2023\/02\/philippe-gauthier-eaOjEz8746k-unsplash-300x200.jpg 300w, https:\/\/www.viajes.com\/blog\/wp-content\/uploads\/2023\/02\/philippe-gauthier-eaOjEz8746k-unsplash-768x512.jpg 768w, https:\/\/www.viajes.com\/blog\/wp-content\/uploads\/2023\/02\/philippe-gauthier-eaOjEz8746k-unsplash-1536x1024.jpg 1536w, https:\/\/www.viajes.com\/blog\/wp-content\/uploads\/2023\/02\/philippe-gauthier-eaOjEz8746k-unsplash-2048x1365.jpg 2048w\" sizes=\"auto, (max-width: 1024px) 100vw, 1024px\" \/><\/figure>\n\n\n\n<p>La Calle Ancha del siglo XIX un\u00eda el centro hist\u00f3rico con la zona norte, es famosa por sus casas de grandes balcones repletos de flores. Esta calle termina en la Plaza de Santo Cristo dirigido por la Ermita del Santo Cristo de la Vera Cruz.<\/p>\n\n\n\n<figure class=\"wp-block-image size-large\"><img loading=\"lazy\" decoding=\"async\" width=\"1024\" height=\"678\" src=\"https:\/\/www.viajes.com\/blog\/wp-content\/uploads\/2023\/02\/vishnu-patel-cDRptJPzVso-unsplash-1-1024x678.jpg\" alt=\"\" class=\"wp-image-1818\" srcset=\"https:\/\/www.viajes.com\/blog\/wp-content\/uploads\/2023\/02\/vishnu-patel-cDRptJPzVso-unsplash-1-1024x678.jpg 1024w, https:\/\/www.viajes.com\/blog\/wp-content\/uploads\/2023\/02\/vishnu-patel-cDRptJPzVso-unsplash-1-300x199.jpg 300w, https:\/\/www.viajes.com\/blog\/wp-content\/uploads\/2023\/02\/vishnu-patel-cDRptJPzVso-unsplash-1-768x509.jpg 768w, https:\/\/www.viajes.com\/blog\/wp-content\/uploads\/2023\/02\/vishnu-patel-cDRptJPzVso-unsplash-1-1536x1017.jpg 1536w, https:\/\/www.viajes.com\/blog\/wp-content\/uploads\/2023\/02\/vishnu-patel-cDRptJPzVso-unsplash-1-2048x1356.jpg 2048w\" sizes=\"auto, (max-width: 1024px) 100vw, 1024px\" \/><\/figure>\n\n\n\n<p>Despu\u00e9s podr\u00e1 volver por la Calle Ancha que le llevar\u00e1 a las Murallas de Marbella construida entre los siglos XI y XII, durante el reinado de Abderraman III. Las ruinas de este castillo son las reliquias de la civilizaci\u00f3n musulmana y es la m\u00e1s importante que se conserva en la ciudad. Al final de esta calle se encuentra un museo en un edificio renacentista del siglo XVI que no se podr\u00e1n perder.<\/p>\n\n\n\n<p>Por \u00faltimo la iglesia de Santa Mar\u00eda de la Encarnaci\u00f3n fue construida a principios del siglo XVII, es destacada por su portada de piedra roja que es de estilo rococ\u00f3 y una torre de m\u00e1s de 50 metros, dentro de esta iglesia encontrar\u00e1n el \u00d3rgano del Sol Mayor y un retablo que es de estilo barroco. Cuando terminen de ver la iglesia por dentro podr\u00e1n visitar las callejuelas de alrededor tales como la calle Soledad, Alderete, Caridad y Misericordia. <\/p>\n\n\n\n<p>Para comer les recomendamos que prueben las famosas tapas de <a href=\"https:\/\/www.viajes.com\/espana\/\">Espa\u00f1a<\/a>, las mejores paellas, el aut\u00e9ntico jam\u00f3n ib\u00e9rico, quesos deliciosos y por supuesto los fideos.<\/p>\n\n\n\n<figure class=\"wp-block-image size-large\"><img loading=\"lazy\" decoding=\"async\" width=\"1024\" height=\"683\" src=\"https:\/\/www.viajes.com\/blog\/wp-content\/uploads\/2023\/02\/sandra-wei-pgMKhgvf1O4-unsplash-1024x683.jpg\" alt=\"\" class=\"wp-image-1830\" srcset=\"https:\/\/www.viajes.com\/blog\/wp-content\/uploads\/2023\/02\/sandra-wei-pgMKhgvf1O4-unsplash-1024x683.jpg 1024w, https:\/\/www.viajes.com\/blog\/wp-content\/uploads\/2023\/02\/sandra-wei-pgMKhgvf1O4-unsplash-300x200.jpg 300w, https:\/\/www.viajes.com\/blog\/wp-content\/uploads\/2023\/02\/sandra-wei-pgMKhgvf1O4-unsplash-768x512.jpg 768w, https:\/\/www.viajes.com\/blog\/wp-content\/uploads\/2023\/02\/sandra-wei-pgMKhgvf1O4-unsplash-1536x1024.jpg 1536w, https:\/\/www.viajes.com\/blog\/wp-content\/uploads\/2023\/02\/sandra-wei-pgMKhgvf1O4-unsplash-2048x1365.jpg 2048w\" sizes=\"auto, (max-width: 1024px) 100vw, 1024px\" \/><\/figure>\n\n\n\n<p>Sin duda es un lugar con mucho que ofrecer y que no se pueden perder. Pasar\u00e1n unas vacaciones incre\u00edbles que recordar\u00e1n para siempre.<\/p>\n\n\n\n<p>\u00a1No olviden consultar nuestras ofertas especiales&nbsp;<a href=\"https:\/\/www.viajes.com\/ofertas\/viaje-a-marbella-la-costa-del-sol\/\">aqu\u00ed<\/a>!<\/p>\n\n\n\n<p><\/p>\n","protected":false},"excerpt":{"rendered":"<p>Marbella es conocida por sus preciosas playas de arena blanca, su incre\u00edble clima y sus buenos restaurantes. Tambi\u00e9n sabemos que es famoso por lo lujoso que es, personas de clase muy alta a menudo eligen este destino para pasar sus vacaciones aqu\u00ed. Es un sitio ideal para pasar con la familia, amigos o solo. Aqu\u00ed [&hellip;]<\/p>\n","protected":false},"author":7,"featured_media":1812,"comment_status":"open","ping_status":"closed","sticky":false,"template":"","format":"standard","meta":{"footnotes":""},"categories":[100,56,219,38,69,7,1,9],"tags":[],"class_list":["post-1808","post","type-post","status-publish","format-standard","has-post-thumbnail","hentry","category-andalucia","category-ciudad-y-playa","category-costa-del-sol","category-espana","category-europa","category-familia","category-general","category-playa"],"_links":{"self":[{"href":"https:\/\/www.viajes.com\/blog\/wp-json\/wp\/v2\/posts\/1808","targetHints":{"allow":["GET"]}}],"collection":[{"href":"https:\/\/www.viajes.com\/blog\/wp-json\/wp\/v2\/posts"}],"about":[{"href":"https:\/\/www.viajes.com\/blog\/wp-json\/wp\/v2\/types\/post"}],"author":[{"embeddable":true,"href":"https:\/\/www.viajes.com\/blog\/wp-json\/wp\/v2\/users\/7"}],"replies":[{"embeddable":true,"href":"https:\/\/www.viajes.com\/blog\/wp-json\/wp\/v2\/comments?post=1808"}],"version-history":[{"count":15,"href":"https:\/\/www.viajes.com\/blog\/wp-json\/wp\/v2\/posts\/1808\/revisions"}],"predecessor-version":[{"id":1834,"href":"https:\/\/www.viajes.com\/blog\/wp-json\/wp\/v2\/posts\/1808\/revisions\/1834"}],"wp:featuredmedia":[{"embeddable":true,"href":"https:\/\/www.viajes.com\/blog\/wp-json\/wp\/v2\/media\/1812"}],"wp:attachment":[{"href":"https:\/\/www.viajes.com\/blog\/wp-json\/wp\/v2\/media?parent=1808"}],"wp:term":[{"taxonomy":"category","embeddable":true,"href":"https:\/\/www.viajes.com\/blog\/wp-json\/wp\/v2\/categories?post=1808"},{"taxonomy":"post_tag","embeddable":true,"href":"https:\/\/www.viajes.com\/blog\/wp-json\/wp\/v2\/tags?post=1808"}],"curies":[{"name":"wp","href":"https:\/\/api.w.org\/{rel}","templated":true}]}}