{"id":194,"date":"2020-10-29T09:00:00","date_gmt":"2020-10-29T08:00:00","guid":{"rendered":"https:\/\/www.viajes.com\/blog\/?p=194"},"modified":"2022-09-16T10:29:54","modified_gmt":"2022-09-16T08:29:54","slug":"esquia-y-ademas-disfruta-de-una-ciudad-fantastica","status":"publish","type":"post","link":"https:\/\/www.viajes.com\/blog\/esquia-y-ademas-disfruta-de-una-ciudad-fantastica\/","title":{"rendered":"Esqu\u00eda y adem\u00e1s disfruta de una ciudad fant\u00e1stica"},"content":{"rendered":"\n<p><a rel=\"noreferrer noopener\" href=\"https:\/\/www.viajes.es\/alemania\/garmisch-partenkirchen\" target=\"_blank\">Garmisch<\/a>, antigua colonia en Alemania, ba\u00f1ada por el r\u00edo Loisach. Esta ciudad despu\u00e9s se uni\u00f3 con otra colonia, Partenkirchen, pasando a ser un \u00fanico pueblo conocido como Garmisch-Partenkirchen. Este pueblo es conocido mayoritariamente por sus pistas de esqu\u00eds, gracias en parte a su localizaci\u00f3n, rodeado por los Alpes de Baviera, concretamente en la monta\u00f1a Zugspitze, punto m\u00e1s alto de Alemania. Este pueblo es perfecto para practicar esqu\u00ed y en caso de no poder, el senderismo es una alternativa maravillosa.<\/p>\n\n\n\n<figure class=\"wp-block-image size-large\"><img loading=\"lazy\" decoding=\"async\" width=\"1024\" height=\"681\" src=\"https:\/\/www.viajes.com\/blog\/wp-content\/uploads\/2020\/10\/eibsee-4246652_1920-1-1024x681.jpg\" alt=\"\" class=\"wp-image-209\" srcset=\"https:\/\/www.viajes.com\/blog\/wp-content\/uploads\/2020\/10\/eibsee-4246652_1920-1-1024x681.jpg 1024w, https:\/\/www.viajes.com\/blog\/wp-content\/uploads\/2020\/10\/eibsee-4246652_1920-1-300x199.jpg 300w, https:\/\/www.viajes.com\/blog\/wp-content\/uploads\/2020\/10\/eibsee-4246652_1920-1-768x510.jpg 768w, https:\/\/www.viajes.com\/blog\/wp-content\/uploads\/2020\/10\/eibsee-4246652_1920-1-1536x1021.jpg 1536w, https:\/\/www.viajes.com\/blog\/wp-content\/uploads\/2020\/10\/eibsee-4246652_1920-1.jpg 1920w\" sizes=\"auto, (max-width: 1024px) 100vw, 1024px\" \/><\/figure>\n\n\n\n<p>Las monta\u00f1as son el atractivo principal de este destino, y no cabe duda, al ver estas monta\u00f1as su majestuosa belleza de dejar\u00e1 at\u00f3nito. Puedes ayudarte de la rama de ferrocarriles que suben por Zugzpitze y ver el desfiladero Partnachklamm y escuchar el sonido del arroyo. Encontrar\u00e1s casas medievales por la zona.<\/p>\n\n\n\n<p>El museo teatral es un buen sitio para visitar y presenciar el festival en honor a R. Strauss, tambi\u00e9n puedes escuchar la orquesta de Gainau en el parque de la ciudad y verlos vestidos en trajes tradicionales de Baviera.<\/p>\n\n\n\n<p>Uno de los mejores lugares donde ir a caminar es Ludwigstrasse, donde podr\u00e1s observar varios edificios de distintas \u00e9pocas y estilos, como la Iglesia de San Mart\u00edn, una iglesia g\u00f3tica en estilo neog\u00f3tico. Otro edificio bonito de ver es la Capilla de San Sebasti\u00e1n, ubicado cerca del Mercado Inferior y construida en el siglo XVII.<\/p>\n\n\n\n<figure class=\"wp-block-image size-large\"><img loading=\"lazy\" decoding=\"async\" width=\"1024\" height=\"683\" src=\"https:\/\/www.viajes.com\/blog\/wp-content\/uploads\/2020\/10\/hut-3860263_1920-1024x683.jpg\" alt=\"\" class=\"wp-image-207\" srcset=\"https:\/\/www.viajes.com\/blog\/wp-content\/uploads\/2020\/10\/hut-3860263_1920-1024x683.jpg 1024w, https:\/\/www.viajes.com\/blog\/wp-content\/uploads\/2020\/10\/hut-3860263_1920-300x200.jpg 300w, https:\/\/www.viajes.com\/blog\/wp-content\/uploads\/2020\/10\/hut-3860263_1920-768x512.jpg 768w, https:\/\/www.viajes.com\/blog\/wp-content\/uploads\/2020\/10\/hut-3860263_1920-1536x1024.jpg 1536w, https:\/\/www.viajes.com\/blog\/wp-content\/uploads\/2020\/10\/hut-3860263_1920.jpg 1920w\" sizes=\"auto, (max-width: 1024px) 100vw, 1024px\" \/><figcaption>Imag\u00ednate en un lugar tan fant\u00e1stico<\/figcaption><\/figure>\n\n\n\n<p>Si los castillos te llaman m\u00e1s la atenci\u00f3n, uno de ellos es el Castillo de Ellmau, que hoy en d\u00eda es un hotel de lujo. Debido a su estatus hist\u00f3rico es gratis pasar a su interior, en regularmente se celebran conciertos.<\/p>\n\n\n\n<p>Una de las actividades obligadas es el senderismo. En este destino tienes 51 rutas de senderismo excelentes. Una de las favoritas por los aficionados de este deporte es el Kramerspitz. Esta es una de las monta\u00f1as m\u00e1s grandes de los Alpes de Ammergau.<\/p>\n\n\n\n<figure class=\"wp-block-image size-large\"><img loading=\"lazy\" decoding=\"async\" width=\"1024\" height=\"683\" src=\"https:\/\/www.viajes.com\/blog\/wp-content\/uploads\/2020\/10\/weather-stones-3860264_1920-1024x683.jpg\" alt=\"\" class=\"wp-image-206\" srcset=\"https:\/\/www.viajes.com\/blog\/wp-content\/uploads\/2020\/10\/weather-stones-3860264_1920-1024x683.jpg 1024w, https:\/\/www.viajes.com\/blog\/wp-content\/uploads\/2020\/10\/weather-stones-3860264_1920-300x200.jpg 300w, https:\/\/www.viajes.com\/blog\/wp-content\/uploads\/2020\/10\/weather-stones-3860264_1920-768x512.jpg 768w, https:\/\/www.viajes.com\/blog\/wp-content\/uploads\/2020\/10\/weather-stones-3860264_1920-1536x1024.jpg 1536w, https:\/\/www.viajes.com\/blog\/wp-content\/uploads\/2020\/10\/weather-stones-3860264_1920.jpg 1920w\" sizes=\"auto, (max-width: 1024px) 100vw, 1024px\" \/><figcaption>Foto de los Alpes<\/figcaption><\/figure>\n\n\n\n<p>Y ya llegamos al plato fuerte, las pistas de esqu\u00ed. En Ekbauer, una monta\u00f1a de unos 1.238 metros se encuentra una de las estaciones de esqu\u00ed m\u00e1s populares, debido a que sus pistas son las mejores para los principiantes y los ni\u00f1os.<\/p>\n\n\n\n<p>\u00a1No olvides consultar nuestras ofertas especiales <a href=\"https:\/\/www.viajes.es\/alemania\/garmisch-partenkirchen\" target=\"_blank\" rel=\"noreferrer noopener\">aqu\u00ed<\/a>!<\/p>\n","protected":false},"excerpt":{"rendered":"<p>Garmisch, antigua colonia en Alemania, ba\u00f1ada por el r\u00edo Loisach. Esta ciudad despu\u00e9s se uni\u00f3 con otra colonia, Partenkirchen, pasando a ser un \u00fanico pueblo conocido como Garmisch-Partenkirchen. Este pueblo es conocido mayoritariamente por sus pistas de esqu\u00eds, gracias en parte a su localizaci\u00f3n, rodeado por los Alpes de Baviera, concretamente en la monta\u00f1a Zugspitze, [&hellip;]<\/p>\n","protected":false},"author":3,"featured_media":204,"comment_status":"open","ping_status":"closed","sticky":false,"template":"","format":"standard","meta":{"footnotes":""},"categories":[43,84,12,85,62,25,32,45,69,7,86,24,42,55,48,10,16,47,41,28],"tags":[],"class_list":["post-194","post","type-post","status-publish","format-standard","has-post-thumbnail","hentry","category-actividades","category-alemania","category-aventura","category-baviera","category-cama-y-desayuno","category-deportes","category-escapadas","category-esqui","category-europa","category-familia","category-garmisch-partenkirchen","category-hiking","category-hoteles","category-los-mejores-precios","category-montana","category-naturaleza","category-navidades","category-ofertas-especiales","category-paquetes","category-rent-a-car"],"_links":{"self":[{"href":"https:\/\/www.viajes.com\/blog\/wp-json\/wp\/v2\/posts\/194","targetHints":{"allow":["GET"]}}],"collection":[{"href":"https:\/\/www.viajes.com\/blog\/wp-json\/wp\/v2\/posts"}],"about":[{"href":"https:\/\/www.viajes.com\/blog\/wp-json\/wp\/v2\/types\/post"}],"author":[{"embeddable":true,"href":"https:\/\/www.viajes.com\/blog\/wp-json\/wp\/v2\/users\/3"}],"replies":[{"embeddable":true,"href":"https:\/\/www.viajes.com\/blog\/wp-json\/wp\/v2\/comments?post=194"}],"version-history":[{"count":2,"href":"https:\/\/www.viajes.com\/blog\/wp-json\/wp\/v2\/posts\/194\/revisions"}],"predecessor-version":[{"id":210,"href":"https:\/\/www.viajes.com\/blog\/wp-json\/wp\/v2\/posts\/194\/revisions\/210"}],"wp:featuredmedia":[{"embeddable":true,"href":"https:\/\/www.viajes.com\/blog\/wp-json\/wp\/v2\/media\/204"}],"wp:attachment":[{"href":"https:\/\/www.viajes.com\/blog\/wp-json\/wp\/v2\/media?parent=194"}],"wp:term":[{"taxonomy":"category","embeddable":true,"href":"https:\/\/www.viajes.com\/blog\/wp-json\/wp\/v2\/categories?post=194"},{"taxonomy":"post_tag","embeddable":true,"href":"https:\/\/www.viajes.com\/blog\/wp-json\/wp\/v2\/tags?post=194"}],"curies":[{"name":"wp","href":"https:\/\/api.w.org\/{rel}","templated":true}]}}