{"id":248,"date":"2020-11-17T09:00:00","date_gmt":"2020-11-17T08:00:00","guid":{"rendered":"https:\/\/www.viajes.com\/blog\/?p=248"},"modified":"2022-09-16T10:28:32","modified_gmt":"2022-09-16T08:28:32","slug":"berlin-una-de-las-capitales-historicas-de-europa","status":"publish","type":"post","link":"https:\/\/www.viajes.com\/blog\/berlin-una-de-las-capitales-historicas-de-europa\/","title":{"rendered":"Berl\u00edn, una de las capitales hist\u00f3ricas de Europa"},"content":{"rendered":"\n<p><a href=\"https:\/\/www.viajes.es\/alemania\/berlin\" target=\"_blank\" rel=\"noreferrer noopener\">Berl\u00edn<\/a>, capital de <a href=\"https:\/\/www.viajes.es\/alemania\" target=\"_blank\" rel=\"noreferrer noopener\">Alemania <\/a>y una de las ciudades m\u00e1s famosas del mundo. Fundada en el siglo XIII, esta ciudad ha sido el escenario de m\u00faltiples acontecimientos, como la divisi\u00f3n de la ciudad en el a\u00f1o 1961 despu\u00e9s de la Segunda Guerra Mundial y posteriormente la ca\u00edda del Muro de Berl\u00edn el 9 de noviembre de 1989.<\/p>\n\n\n\n<p>Puerta de Brandeburgo, imagen ic\u00f3nica de la ciudad. Esta era la antigua puerta de entrada a Berl\u00edn, ahora situada en el centro de la ciudad. Esta obra fue dirigida por Carl Gotthard Langhans est\u00e1 construida a partir de piedra arenisca con unos 26 metros de altura.<\/p>\n\n\n\n<figure class=\"wp-block-image size-large\"><img loading=\"lazy\" decoding=\"async\" width=\"1024\" height=\"576\" src=\"https:\/\/www.viajes.com\/blog\/wp-content\/uploads\/2020\/11\/architecture-51058_1280-1024x576.jpg\" alt=\"\" class=\"wp-image-253\" srcset=\"https:\/\/www.viajes.com\/blog\/wp-content\/uploads\/2020\/11\/architecture-51058_1280-1024x576.jpg 1024w, https:\/\/www.viajes.com\/blog\/wp-content\/uploads\/2020\/11\/architecture-51058_1280-300x169.jpg 300w, https:\/\/www.viajes.com\/blog\/wp-content\/uploads\/2020\/11\/architecture-51058_1280-768x432.jpg 768w, https:\/\/www.viajes.com\/blog\/wp-content\/uploads\/2020\/11\/architecture-51058_1280.jpg 1280w\" sizes=\"auto, (max-width: 1024px) 100vw, 1024px\" \/><figcaption>El Parlamento alem\u00e1n<\/figcaption><\/figure>\n\n\n\n<p>No te puedes ir de Berl\u00edn sin pasear primero por el famoso parque Tiergarten. En sus inicios fue una zona de caza, luego pas\u00f3 a ser una zona verde y zona de ocio para la ciudad. Tiergarten, jard\u00edn de animales en alem\u00e1n, se extiende unas 210 hect\u00e1reas. Alrededor de este parque podr\u00e1s encontrar los monumentos m\u00e1s caracter\u00edsticos de Berl\u00edn, como la Puerta de Brandeburgo, el Reichstag (parlamento alem\u00e1n), el Palacio de Bellevue, Potsdamer Platz, la Columna de la Victoria, el Auditorio de la Filarm\u00f3nica de Berl\u00edn, la Nueva Galer\u00eda Nacional y el Jard\u00edn Zool\u00f3gico de Berl\u00edn.<\/p>\n\n\n\n<p>East Side Gallery es una galer\u00eda de arte que forma parte del Muro de Berl\u00edn, los cuales fueron salvados del derribo. Formada por 1316 metros del antiguo muro, consta de 103 murales rindiendo homenaje a la liberta y la esperanza por un mundo mejor que se produjo al final de la guerra fr\u00eda. No te olvides preparar la c\u00e1mara para sacarte unas fotos incre\u00edbles y que nunca olvidar\u00e1s.<\/p>\n\n\n\n<figure class=\"wp-block-image size-large\"><img loading=\"lazy\" decoding=\"async\" width=\"1024\" height=\"570\" src=\"https:\/\/www.viajes.com\/blog\/wp-content\/uploads\/2020\/11\/berlin-wall-50730_1280-1024x570.jpg\" alt=\"\" class=\"wp-image-252\" srcset=\"https:\/\/www.viajes.com\/blog\/wp-content\/uploads\/2020\/11\/berlin-wall-50730_1280-1024x570.jpg 1024w, https:\/\/www.viajes.com\/blog\/wp-content\/uploads\/2020\/11\/berlin-wall-50730_1280-300x167.jpg 300w, https:\/\/www.viajes.com\/blog\/wp-content\/uploads\/2020\/11\/berlin-wall-50730_1280-768x427.jpg 768w, https:\/\/www.viajes.com\/blog\/wp-content\/uploads\/2020\/11\/berlin-wall-50730_1280.jpg 1280w\" sizes=\"auto, (max-width: 1024px) 100vw, 1024px\" \/><figcaption>Una de las secciones del Muro<\/figcaption><\/figure>\n\n\n\n<p>La Catedral de Berl\u00edn se construy\u00f3 entre 1895 y 1905, y anteriormente en el mismo lugar, y derribada por el emperador Guillermo II, se encontraba una iglesia barroca construida por Johann Boumann, acabada en 1747 con estilo neobarroco y remodelada en 1822 con un estilo neocl\u00e1sico. Despu\u00e9s, de la segunda guerra mundial qued\u00f3 bastante da\u00f1ada por los bombardeos. Fue en 1975 cuando se comenz\u00f3 a reconstruir.<\/p>\n\n\n\n<figure class=\"wp-block-image size-large\"><img loading=\"lazy\" decoding=\"async\" width=\"1024\" height=\"907\" src=\"https:\/\/www.viajes.com\/blog\/wp-content\/uploads\/2020\/11\/brand-front-of-the-brandenburg-gate-5117579_1920-1024x907.jpg\" alt=\"\" class=\"wp-image-255\" srcset=\"https:\/\/www.viajes.com\/blog\/wp-content\/uploads\/2020\/11\/brand-front-of-the-brandenburg-gate-5117579_1920-1024x907.jpg 1024w, https:\/\/www.viajes.com\/blog\/wp-content\/uploads\/2020\/11\/brand-front-of-the-brandenburg-gate-5117579_1920-300x266.jpg 300w, https:\/\/www.viajes.com\/blog\/wp-content\/uploads\/2020\/11\/brand-front-of-the-brandenburg-gate-5117579_1920-768x680.jpg 768w, https:\/\/www.viajes.com\/blog\/wp-content\/uploads\/2020\/11\/brand-front-of-the-brandenburg-gate-5117579_1920.jpg 1435w\" sizes=\"auto, (max-width: 1024px) 100vw, 1024px\" \/><figcaption>La Puerta de Brandeburgo<\/figcaption><\/figure>\n\n\n\n<p>Como must te recomendamos el antiguo Aeropuerto de Berl\u00edn-Tempelhof. Este aeropuerto fue estuvo en activo desde 1909 hasta 2008, cuando fue transformado en lo que es hoy, como parque p\u00fablico. La entrada a este parque es gratuita y es el lugar perfecto para descansar y disfrutar de alto alternativo en Berl\u00edn. En este lugar se celebran ferias y eventos, as\u00ed como festivales.<\/p>\n\n\n\n<p>\u00a1No olvides consultar nuestras ofertas especiales <a href=\"https:\/\/www.viajes.es\/alemania\/berlin\" target=\"_blank\" rel=\"noreferrer noopener\">aqu\u00ed<\/a>!<\/p>\n","protected":false},"excerpt":{"rendered":"<p>Berl\u00edn, capital de Alemania y una de las ciudades m\u00e1s famosas del mundo. Fundada en el siglo XIII, esta ciudad ha sido el escenario de m\u00faltiples acontecimientos, como la divisi\u00f3n de la ciudad en el a\u00f1o 1961 despu\u00e9s de la Segunda Guerra Mundial y posteriormente la ca\u00edda del Muro de Berl\u00edn el 9 de noviembre [&hellip;]<\/p>\n","protected":false},"author":3,"featured_media":251,"comment_status":"open","ping_status":"closed","sticky":false,"template":"","format":"standard","meta":{"footnotes":""},"categories":[84,53,92,13,39,69,7,8,11,55,10,47,41,31],"tags":[],"class_list":["post-248","post","type-post","status-publish","format-standard","has-post-thumbnail","hentry","category-alemania","category-arte-y-cultura","category-berlin","category-ciudad","category-cultura","category-europa","category-familia","category-gastronomia","category-historia","category-los-mejores-precios","category-naturaleza","category-ofertas-especiales","category-paquetes","category-parques-naturales"],"_links":{"self":[{"href":"https:\/\/www.viajes.com\/blog\/wp-json\/wp\/v2\/posts\/248","targetHints":{"allow":["GET"]}}],"collection":[{"href":"https:\/\/www.viajes.com\/blog\/wp-json\/wp\/v2\/posts"}],"about":[{"href":"https:\/\/www.viajes.com\/blog\/wp-json\/wp\/v2\/types\/post"}],"author":[{"embeddable":true,"href":"https:\/\/www.viajes.com\/blog\/wp-json\/wp\/v2\/users\/3"}],"replies":[{"embeddable":true,"href":"https:\/\/www.viajes.com\/blog\/wp-json\/wp\/v2\/comments?post=248"}],"version-history":[{"count":4,"href":"https:\/\/www.viajes.com\/blog\/wp-json\/wp\/v2\/posts\/248\/revisions"}],"predecessor-version":[{"id":256,"href":"https:\/\/www.viajes.com\/blog\/wp-json\/wp\/v2\/posts\/248\/revisions\/256"}],"wp:featuredmedia":[{"embeddable":true,"href":"https:\/\/www.viajes.com\/blog\/wp-json\/wp\/v2\/media\/251"}],"wp:attachment":[{"href":"https:\/\/www.viajes.com\/blog\/wp-json\/wp\/v2\/media?parent=248"}],"wp:term":[{"taxonomy":"category","embeddable":true,"href":"https:\/\/www.viajes.com\/blog\/wp-json\/wp\/v2\/categories?post=248"},{"taxonomy":"post_tag","embeddable":true,"href":"https:\/\/www.viajes.com\/blog\/wp-json\/wp\/v2\/tags?post=248"}],"curies":[{"name":"wp","href":"https:\/\/api.w.org\/{rel}","templated":true}]}}