{"id":313,"date":"2020-12-11T09:00:00","date_gmt":"2020-12-11T08:00:00","guid":{"rendered":"https:\/\/www.viajes.com\/blog\/?p=313"},"modified":"2022-09-16T10:28:05","modified_gmt":"2022-09-16T08:28:05","slug":"lisboa-la-ciudad-de-mar-y-montana","status":"publish","type":"post","link":"https:\/\/www.viajes.com\/blog\/lisboa-la-ciudad-de-mar-y-montana\/","title":{"rendered":"Lisboa, la ciudad de mar y monta\u00f1a"},"content":{"rendered":"\n<p><a href=\"https:\/\/viajes.es\/portugal\/lisboa\">Lisboa<\/a>, capital de <a href=\"https:\/\/viajes.es\/portugal\">Portugal<\/a> y una de las ciudades situadas m\u00e1s al oeste de Europa. Adem\u00e1s de costa esta capital tambi\u00e9n se sit\u00faa cerca de formaciones monta\u00f1osas. Si lo que buscas es una ciudad europea que ofrezca preciosas playas e incre\u00edbles senderos, Lisboa deber\u00eda de estar en tu lista de pr\u00f3ximos destinos.<\/p>\n\n\n\n<p>La Catedral S\u00e9 es la iglesia m\u00e1s antigua de Lisboa, la cual se empez\u00f3 a construir a partir del a\u00f1o 1147. Esta catedral de estilo rom\u00e1nico se construy\u00f3 al lado de un convento de estilo g\u00f3tico.<\/p>\n\n\n\n<figure class=\"wp-block-image size-large\"><img loading=\"lazy\" decoding=\"async\" width=\"1024\" height=\"683\" src=\"https:\/\/www.viajes.com\/blog\/wp-content\/uploads\/2020\/12\/lisbon-938996_1920-1024x683.jpg\" alt=\"\" class=\"wp-image-324\" srcset=\"https:\/\/www.viajes.com\/blog\/wp-content\/uploads\/2020\/12\/lisbon-938996_1920-1024x683.jpg 1024w, https:\/\/www.viajes.com\/blog\/wp-content\/uploads\/2020\/12\/lisbon-938996_1920-300x200.jpg 300w, https:\/\/www.viajes.com\/blog\/wp-content\/uploads\/2020\/12\/lisbon-938996_1920-768x512.jpg 768w, https:\/\/www.viajes.com\/blog\/wp-content\/uploads\/2020\/12\/lisbon-938996_1920-1536x1024.jpg 1536w, https:\/\/www.viajes.com\/blog\/wp-content\/uploads\/2020\/12\/lisbon-938996_1920.jpg 1920w\" sizes=\"auto, (max-width: 1024px) 100vw, 1024px\" \/><figcaption>Disfruta de esta magn\u00edfica ciudad y de sus vistas<\/figcaption><\/figure>\n\n\n\n<p>Una de las cosas que no puedes dejar sin hacer antes de irte de Lisboa es subir en el elevador de Santa Justa, una de las atracciones tur\u00edsticas obligadas. Desde esta estructura de 45 metros de 1902 tendr\u00e1s unas vistas privilegiadas impresionantes de la ciudad.<\/p>\n\n\n\n<p>El Barrio de Alfama se extiende desde el r\u00edo Tajo hasta la catedral. Este es uno de los barrios aut\u00e9nticos de la capital portuguesa, disfruta caminando por sus calles y descubriendo todos sus recovecos. En este barrio encontrar\u00e1s el Mirador Santa Luc\u00eda, subiendo al castillo encontrar\u00e1s este enclave desde donde podr\u00e1s tener unas vistas impresionantes de la ciudad.<\/p>\n\n\n\n<figure class=\"wp-block-image size-large\"><img loading=\"lazy\" decoding=\"async\" width=\"1024\" height=\"680\" src=\"https:\/\/www.viajes.com\/blog\/wp-content\/uploads\/2020\/12\/lisbon-1801727_1920-1024x680.jpg\" alt=\"\" class=\"wp-image-325\" srcset=\"https:\/\/www.viajes.com\/blog\/wp-content\/uploads\/2020\/12\/lisbon-1801727_1920-1024x680.jpg 1024w, https:\/\/www.viajes.com\/blog\/wp-content\/uploads\/2020\/12\/lisbon-1801727_1920-300x199.jpg 300w, https:\/\/www.viajes.com\/blog\/wp-content\/uploads\/2020\/12\/lisbon-1801727_1920-768x510.jpg 768w, https:\/\/www.viajes.com\/blog\/wp-content\/uploads\/2020\/12\/lisbon-1801727_1920-1536x1020.jpg 1536w, https:\/\/www.viajes.com\/blog\/wp-content\/uploads\/2020\/12\/lisbon-1801727_1920.jpg 1920w\" sizes=\"auto, (max-width: 1024px) 100vw, 1024px\" \/><figcaption>Pi\u00e9rdete por las encantadores calles de la ciudad<\/figcaption><\/figure>\n\n\n\n<p>El Museo del Azulejo liga la historia de la ciudad con la tradici\u00f3n de los azulejos. Este museo lo puedes encontrar cerca de la plaza del Comercio y el Parque de las Naciones. \u00a0El museo se encuentra en el Convento de la Madre de Dios, construido en 1509. Gracias a este museo podr\u00e1s conocer la historia de la ciudad desde el siglo XVIII. El Castillo de San Jorge es un icono de la ciudad. Esta fortificaci\u00f3n fue construida por los \u00e1rabes y despu\u00e9s de la reconquista pas\u00f3 a ser el Palacio Real del rey Alfonso I. El terremoto de 1755 que sufri\u00f3 la ciudad lo destruy\u00f3, pero a\u00fan as\u00ed puedes visitarlo de forma segura. El Barrio de la Baixa es el centro de la vida comercial de Lisboa. En este barrio podr\u00e1s encontrar un gran n\u00famero de tiendas de gran variedad.<\/p>\n\n\n\n<figure class=\"wp-block-image size-large\"><img loading=\"lazy\" decoding=\"async\" width=\"1024\" height=\"625\" src=\"https:\/\/www.viajes.com\/blog\/wp-content\/uploads\/2020\/12\/belem-tower-2809818_1920-1024x625.jpg\" alt=\"\" class=\"wp-image-326\" srcset=\"https:\/\/www.viajes.com\/blog\/wp-content\/uploads\/2020\/12\/belem-tower-2809818_1920-1024x625.jpg 1024w, https:\/\/www.viajes.com\/blog\/wp-content\/uploads\/2020\/12\/belem-tower-2809818_1920-300x183.jpg 300w, https:\/\/www.viajes.com\/blog\/wp-content\/uploads\/2020\/12\/belem-tower-2809818_1920-768x469.jpg 768w, https:\/\/www.viajes.com\/blog\/wp-content\/uploads\/2020\/12\/belem-tower-2809818_1920-1536x938.jpg 1536w, https:\/\/www.viajes.com\/blog\/wp-content\/uploads\/2020\/12\/belem-tower-2809818_1920.jpg 1920w\" sizes=\"auto, (max-width: 1024px) 100vw, 1024px\" \/><figcaption>Imagen del la Torre de Belem<\/figcaption><\/figure>\n\n\n\n<p>Y si quieres alejarte del bullicio de la ciudad, la costa de Caparica es el lugar adecuado. Se encuentra a pocos kil\u00f3metros al sur de Lisboa. Este tramo de costa es uno de los m\u00e1s largos de Europa. Aqu\u00ed encontrar\u00e1s kil\u00f3metros de playas de arena, reservas naturales y zonas de fiesta y descanso.<br>Por la ma\u00f1ana, los pescadores llegan con sus barcas y redes y todo el pueblo ayuda a sacar la pesca del agua. O por la noche, divi\u00e9rtete con los cocteles de la zona. O por la noche, divi\u00e9rtete con los c\u00f3cteles en los bares de surf. Durante el d\u00eda, basta con pasear por la playa o practicar deportes acu\u00e1ticos. Todas estas opciones est\u00e1n abiertas para ti. Especialmente en verano, este destino es muy popular entre los lugare\u00f1os. \u00bfPor qu\u00e9 no sumergirse en la t\u00edpica vida de ocio portuguesa?<\/p>\n\n\n\n<figure class=\"wp-block-image size-large\"><img loading=\"lazy\" decoding=\"async\" width=\"1024\" height=\"683\" src=\"https:\/\/www.viajes.com\/blog\/wp-content\/uploads\/2022\/07\/hd-wallpaper-g3255ae02f_1920-1024x683.jpg\" alt=\"\" class=\"wp-image-1344\" srcset=\"https:\/\/www.viajes.com\/blog\/wp-content\/uploads\/2022\/07\/hd-wallpaper-g3255ae02f_1920-1024x683.jpg 1024w, https:\/\/www.viajes.com\/blog\/wp-content\/uploads\/2022\/07\/hd-wallpaper-g3255ae02f_1920-300x200.jpg 300w, https:\/\/www.viajes.com\/blog\/wp-content\/uploads\/2022\/07\/hd-wallpaper-g3255ae02f_1920-768x512.jpg 768w, https:\/\/www.viajes.com\/blog\/wp-content\/uploads\/2022\/07\/hd-wallpaper-g3255ae02f_1920-1536x1024.jpg 1536w, https:\/\/www.viajes.com\/blog\/wp-content\/uploads\/2022\/07\/hd-wallpaper-g3255ae02f_1920.jpg 1920w\" sizes=\"auto, (max-width: 1024px) 100vw, 1024px\" \/><figcaption>Vista a la Costa da Caparica y Lisboa<\/figcaption><\/figure>\n\n\n\n<p>El must de Lisboa es montar en el Tranv\u00eda 28. Una de las actividades t\u00edpicas al visitar Lisboa es subirte a un tranv\u00eda en la ciudad. Te recomendamos el tranv\u00eda 28, este antiguo medio de transporte te llevar\u00e1 desde el barrio de la Baixa hasta la colina del castillo.<\/p>\n\n\n\n<p>\u00a1No olvides consultar nuestras ofertas especiales <a href=\"https:\/\/viajes.es\/portugal\/lisboa\">aqu\u00ed<\/a>!<\/p>\n","protected":false},"excerpt":{"rendered":"<p>Lisboa, capital de Portugal y una de las ciudades situadas m\u00e1s al oeste de Europa. Adem\u00e1s de costa esta capital tambi\u00e9n se sit\u00faa cerca de formaciones monta\u00f1osas. Si lo que buscas es una ciudad europea que ofrezca preciosas playas e incre\u00edbles senderos, Lisboa deber\u00eda de estar en tu lista de pr\u00f3ximos destinos. La Catedral S\u00e9 [&hellip;]<\/p>\n","protected":false},"author":3,"featured_media":323,"comment_status":"open","ping_status":"closed","sticky":false,"template":"","format":"standard","meta":{"footnotes":""},"categories":[17,53,62,13,39,32,69,7,34,8,11,42,103,55,16,47,40,41,102,67],"tags":[],"class_list":["post-313","post","type-post","status-publish","format-standard","has-post-thumbnail","hentry","category-anio-nuevo","category-arte-y-cultura","category-cama-y-desayuno","category-ciudad","category-cultura","category-escapadas","category-europa","category-familia","category-fin-de-semana","category-gastronomia","category-historia","category-hoteles","category-lisboa","category-los-mejores-precios","category-navidades","category-ofertas-especiales","category-ofertas-fin-de-anio","category-paquetes","category-portugal","category-puente"],"_links":{"self":[{"href":"https:\/\/www.viajes.com\/blog\/wp-json\/wp\/v2\/posts\/313","targetHints":{"allow":["GET"]}}],"collection":[{"href":"https:\/\/www.viajes.com\/blog\/wp-json\/wp\/v2\/posts"}],"about":[{"href":"https:\/\/www.viajes.com\/blog\/wp-json\/wp\/v2\/types\/post"}],"author":[{"embeddable":true,"href":"https:\/\/www.viajes.com\/blog\/wp-json\/wp\/v2\/users\/3"}],"replies":[{"embeddable":true,"href":"https:\/\/www.viajes.com\/blog\/wp-json\/wp\/v2\/comments?post=313"}],"version-history":[{"count":4,"href":"https:\/\/www.viajes.com\/blog\/wp-json\/wp\/v2\/posts\/313\/revisions"}],"predecessor-version":[{"id":1345,"href":"https:\/\/www.viajes.com\/blog\/wp-json\/wp\/v2\/posts\/313\/revisions\/1345"}],"wp:featuredmedia":[{"embeddable":true,"href":"https:\/\/www.viajes.com\/blog\/wp-json\/wp\/v2\/media\/323"}],"wp:attachment":[{"href":"https:\/\/www.viajes.com\/blog\/wp-json\/wp\/v2\/media?parent=313"}],"wp:term":[{"taxonomy":"category","embeddable":true,"href":"https:\/\/www.viajes.com\/blog\/wp-json\/wp\/v2\/categories?post=313"},{"taxonomy":"post_tag","embeddable":true,"href":"https:\/\/www.viajes.com\/blog\/wp-json\/wp\/v2\/tags?post=313"}],"curies":[{"name":"wp","href":"https:\/\/api.w.org\/{rel}","templated":true}]}}