{"id":396,"date":"2021-01-07T09:01:00","date_gmt":"2021-01-07T08:01:00","guid":{"rendered":"https:\/\/www.viajes.com\/blog\/?p=396"},"modified":"2022-09-16T10:27:05","modified_gmt":"2022-09-16T08:27:05","slug":"benidorm-la-perla-de-la-costa-blanca","status":"publish","type":"post","link":"https:\/\/www.viajes.com\/blog\/benidorm-la-perla-de-la-costa-blanca\/","title":{"rendered":"Benidorm, la perla de la Costa Blanca"},"content":{"rendered":"\n<p><a href=\"https:\/\/www.viajes.es\/espana\/benidorm\">Benidorm<\/a> uno de los destinos tur\u00edsticos m\u00e1s famosos de <a href=\"https:\/\/www.viajes.es\/espana\">Espa\u00f1a<\/a>. Esta ciudad es parte de la tambi\u00e9n famosa Costa Blanca de la Comunidad Valenciana. Este destino fue una villa pesquera hasta los a\u00f1os sesenta, pero hoy es uno de los destinos m\u00e1s populares de la costa mediterr\u00e1nea. Si buscas unas playas incre\u00edbles y un destino con todos los servicios, Benidorm es para ti.<\/p>\n\n\n\n<p>Cala de Finestrat es una playa situada a tres kil\u00f3metros de Benidorm. Gracias a estar ligeramente alejada de Benidorm, aqu\u00ed disfrutar\u00e9is de una tranquilidad incomparable.<\/p>\n\n\n\n<figure class=\"wp-block-image size-large\"><img loading=\"lazy\" decoding=\"async\" width=\"1024\" height=\"665\" src=\"https:\/\/www.viajes.com\/blog\/wp-content\/uploads\/2021\/01\/benidorm-5118539_1920-1-1024x665.jpg\" alt=\"\" class=\"wp-image-406\" srcset=\"https:\/\/www.viajes.com\/blog\/wp-content\/uploads\/2021\/01\/benidorm-5118539_1920-1-1024x665.jpg 1024w, https:\/\/www.viajes.com\/blog\/wp-content\/uploads\/2021\/01\/benidorm-5118539_1920-1-300x195.jpg 300w, https:\/\/www.viajes.com\/blog\/wp-content\/uploads\/2021\/01\/benidorm-5118539_1920-1-768x499.jpg 768w, https:\/\/www.viajes.com\/blog\/wp-content\/uploads\/2021\/01\/benidorm-5118539_1920-1-1536x998.jpg 1536w, https:\/\/www.viajes.com\/blog\/wp-content\/uploads\/2021\/01\/benidorm-5118539_1920-1.jpg 1920w\" sizes=\"auto, (max-width: 1024px) 100vw, 1024px\" \/><\/figure>\n\n\n\n<p>El Castillo de Benidorm, ubicado en Punta Canfali que a su vez es una gran roca que separa de forma natural las dos playas. Esta fortaleza construida como defensa a la ciudad en el siglo XIV, despu\u00e9s del siglo XVI el castillo fuera abandonado. En este castillo se encuentra el conocido <em>Balc\u00f3n del Mediterr\u00e1neo<\/em> desde donde tendr\u00e1s una impresionante vista de Benidorm y de sus atardeceres.<\/p>\n\n\n\n<p>La Playa de Levante es una de las m\u00e1s importantes y conocidas de Benidorm, esta ofrece dos kil\u00f3metros de playa y es una de las playas urbanas m\u00e1s fotografiadas de Espa\u00f1a. Esta playa es m\u00e1s conocida y visitada por j\u00f3venes, por ello podr\u00e9is encontrar fiestas y deportes acu\u00e1ticos.<\/p>\n\n\n\n<figure class=\"wp-block-image size-large\"><img loading=\"lazy\" decoding=\"async\" width=\"1024\" height=\"576\" src=\"https:\/\/www.viajes.com\/blog\/wp-content\/uploads\/2021\/01\/benidorm-4710801_1920-1-1024x576.jpg\" alt=\"\" class=\"wp-image-404\" srcset=\"https:\/\/www.viajes.com\/blog\/wp-content\/uploads\/2021\/01\/benidorm-4710801_1920-1-1024x576.jpg 1024w, https:\/\/www.viajes.com\/blog\/wp-content\/uploads\/2021\/01\/benidorm-4710801_1920-1-300x169.jpg 300w, https:\/\/www.viajes.com\/blog\/wp-content\/uploads\/2021\/01\/benidorm-4710801_1920-1-768x432.jpg 768w, https:\/\/www.viajes.com\/blog\/wp-content\/uploads\/2021\/01\/benidorm-4710801_1920-1-1536x864.jpg 1536w, https:\/\/www.viajes.com\/blog\/wp-content\/uploads\/2021\/01\/benidorm-4710801_1920-1.jpg 1920w\" sizes=\"auto, (max-width: 1024px) 100vw, 1024px\" \/><\/figure>\n\n\n\n<p>La Playa de Poniente, una de las dos m\u00e1s famosas playas de Benidorm, ofrece 3 kil\u00f3metros de orilla tranquila y familiar en donde podr\u00e1s descansar de tu d\u00eda a d\u00eda.<\/p>\n\n\n\n<p>Si te gustan los parques de atracciones, te recomendamos visitar Terra M\u00edtica. Este parque tem\u00e1tico basado en las civilizaciones antiguas de Egipto, Grecia, Roma e Iberia es una de las mejores formas de llenar un d\u00eda en este maravilloso destino.<\/p>\n\n\n\n<figure class=\"wp-block-image size-large\"><img loading=\"lazy\" decoding=\"async\" width=\"1024\" height=\"683\" src=\"https:\/\/www.viajes.com\/blog\/wp-content\/uploads\/2021\/01\/beach-4333535_1920-1-1024x683.jpg\" alt=\"\" class=\"wp-image-403\" srcset=\"https:\/\/www.viajes.com\/blog\/wp-content\/uploads\/2021\/01\/beach-4333535_1920-1-1024x683.jpg 1024w, https:\/\/www.viajes.com\/blog\/wp-content\/uploads\/2021\/01\/beach-4333535_1920-1-300x200.jpg 300w, https:\/\/www.viajes.com\/blog\/wp-content\/uploads\/2021\/01\/beach-4333535_1920-1-768x512.jpg 768w, https:\/\/www.viajes.com\/blog\/wp-content\/uploads\/2021\/01\/beach-4333535_1920-1-1536x1024.jpg 1536w, https:\/\/www.viajes.com\/blog\/wp-content\/uploads\/2021\/01\/beach-4333535_1920-1.jpg 1920w\" sizes=\"auto, (max-width: 1024px) 100vw, 1024px\" \/><\/figure>\n\n\n\n<p>Como must de este destino, te proponemos Altea. Este es uno de los pueblos m\u00e1s bonitos de Espa\u00f1a. Este pueblo mediterr\u00e1neo se encuentra entre Benidorm y Calpe. En su costa podr\u00e1s deleitarte con sus incre\u00edbles calas, sus preciosos acantilados, las magn\u00edficas aguas turquesas de sus playas.<\/p>\n\n\n\n<p>\u00a1No olvides consultar nuestras ofertas especiales <a href=\"https:\/\/www.viajes.es\/espana\/benidorm\">aqu\u00ed<\/a>!<\/p>\n","protected":false},"excerpt":{"rendered":"<p>Benidorm uno de los destinos tur\u00edsticos m\u00e1s famosos de Espa\u00f1a. Esta ciudad es parte de la tambi\u00e9n famosa Costa Blanca de la Comunidad Valenciana. Este destino fue una villa pesquera hasta los a\u00f1os sesenta, pero hoy es uno de los destinos m\u00e1s populares de la costa mediterr\u00e1nea. Si buscas unas playas incre\u00edbles y un destino [&hellip;]<\/p>\n","protected":false},"author":3,"featured_media":399,"comment_status":"open","ping_status":"closed","sticky":false,"template":"","format":"standard","meta":{"footnotes":""},"categories":[116,62,56,111,32,38,34,8,24,42,55,20,10,47,9,67,30],"tags":[],"class_list":["post-396","post","type-post","status-publish","format-standard","has-post-thumbnail","hentry","category-benidorm","category-cama-y-desayuno","category-ciudad-y-playa","category-comunidad-valenciana","category-escapadas","category-espana","category-fin-de-semana","category-gastronomia","category-hiking","category-hoteles","category-los-mejores-precios","category-mediterraneo","category-naturaleza","category-ofertas-especiales","category-playa","category-puente","category-surf"],"_links":{"self":[{"href":"https:\/\/www.viajes.com\/blog\/wp-json\/wp\/v2\/posts\/396","targetHints":{"allow":["GET"]}}],"collection":[{"href":"https:\/\/www.viajes.com\/blog\/wp-json\/wp\/v2\/posts"}],"about":[{"href":"https:\/\/www.viajes.com\/blog\/wp-json\/wp\/v2\/types\/post"}],"author":[{"embeddable":true,"href":"https:\/\/www.viajes.com\/blog\/wp-json\/wp\/v2\/users\/3"}],"replies":[{"embeddable":true,"href":"https:\/\/www.viajes.com\/blog\/wp-json\/wp\/v2\/comments?post=396"}],"version-history":[{"count":2,"href":"https:\/\/www.viajes.com\/blog\/wp-json\/wp\/v2\/posts\/396\/revisions"}],"predecessor-version":[{"id":407,"href":"https:\/\/www.viajes.com\/blog\/wp-json\/wp\/v2\/posts\/396\/revisions\/407"}],"wp:featuredmedia":[{"embeddable":true,"href":"https:\/\/www.viajes.com\/blog\/wp-json\/wp\/v2\/media\/399"}],"wp:attachment":[{"href":"https:\/\/www.viajes.com\/blog\/wp-json\/wp\/v2\/media?parent=396"}],"wp:term":[{"taxonomy":"category","embeddable":true,"href":"https:\/\/www.viajes.com\/blog\/wp-json\/wp\/v2\/categories?post=396"},{"taxonomy":"post_tag","embeddable":true,"href":"https:\/\/www.viajes.com\/blog\/wp-json\/wp\/v2\/tags?post=396"}],"curies":[{"name":"wp","href":"https:\/\/api.w.org\/{rel}","templated":true}]}}