{"id":419,"date":"2021-01-14T10:05:58","date_gmt":"2021-01-14T09:05:58","guid":{"rendered":"https:\/\/www.viajes.com\/blog\/?p=419"},"modified":"2022-09-16T10:26:52","modified_gmt":"2022-09-16T08:26:52","slug":"cabo-verde-una-maravilla-macaronesica","status":"publish","type":"post","link":"https:\/\/www.viajes.com\/blog\/cabo-verde-una-maravilla-macaronesica\/","title":{"rendered":"Cabo Verde, una maravilla macaron\u00e9sica"},"content":{"rendered":"\n<p><a href=\"https:\/\/www.viajes.es\/cabo-verde\" target=\"_blank\" rel=\"noreferrer noopener\">Cabo Verde<\/a> es un pa\u00eds que pertenece a Macaronesia, el conjunto de los cinco archipi\u00e9lagos del Atl\u00e1ntico Norte. Este, como el resto de los archipi\u00e9lagos macaron\u00e9sica, es de origen volc\u00e1nico y muy famoso por su cultura, mezcla de las culturas portuguesa y africana. Santiago, la isla m\u00e1s grande es la capital de este pa\u00eds de ensue\u00f1o ba\u00f1ado por el Oc\u00e9ano Atl\u00e1ntico.<\/p>\n\n\n\n<figure class=\"wp-block-image size-large\"><img loading=\"lazy\" decoding=\"async\" width=\"1024\" height=\"683\" src=\"https:\/\/www.viajes.com\/blog\/wp-content\/uploads\/2021\/01\/boa-vista-3444300_1920-1024x683.jpg\" alt=\"\" class=\"wp-image-421\" srcset=\"https:\/\/www.viajes.com\/blog\/wp-content\/uploads\/2021\/01\/boa-vista-3444300_1920-1024x683.jpg 1024w, https:\/\/www.viajes.com\/blog\/wp-content\/uploads\/2021\/01\/boa-vista-3444300_1920-300x200.jpg 300w, https:\/\/www.viajes.com\/blog\/wp-content\/uploads\/2021\/01\/boa-vista-3444300_1920-768x512.jpg 768w, https:\/\/www.viajes.com\/blog\/wp-content\/uploads\/2021\/01\/boa-vista-3444300_1920-1536x1024.jpg 1536w, https:\/\/www.viajes.com\/blog\/wp-content\/uploads\/2021\/01\/boa-vista-3444300_1920.jpg 1920w\" sizes=\"auto, (max-width: 1024px) 100vw, 1024px\" \/><\/figure>\n\n\n\n<p>La playa de Chaves es una de las mu8chas playas que ofrece Cabo Verde, pero esta es muy recomendable, tambi\u00e9n llamada praia de Chaves. Aqu\u00ed tendr\u00e1s a tu disposici\u00f3n 5 kil\u00f3metros de fina arena. Parte de la playa pertenece a la Reserva Natural de Morro de Areia, anexo a Rabil e isla Boavista.<\/p>\n\n\n\n<figure class=\"wp-block-image size-large\"><img loading=\"lazy\" decoding=\"async\" width=\"1024\" height=\"683\" src=\"https:\/\/www.viajes.com\/blog\/wp-content\/uploads\/2021\/01\/cape-of-good-hope-1219192_1920-1024x683.jpg\" alt=\"\" class=\"wp-image-422\" srcset=\"https:\/\/www.viajes.com\/blog\/wp-content\/uploads\/2021\/01\/cape-of-good-hope-1219192_1920-1024x683.jpg 1024w, https:\/\/www.viajes.com\/blog\/wp-content\/uploads\/2021\/01\/cape-of-good-hope-1219192_1920-300x200.jpg 300w, https:\/\/www.viajes.com\/blog\/wp-content\/uploads\/2021\/01\/cape-of-good-hope-1219192_1920-768x512.jpg 768w, https:\/\/www.viajes.com\/blog\/wp-content\/uploads\/2021\/01\/cape-of-good-hope-1219192_1920-1536x1024.jpg 1536w, https:\/\/www.viajes.com\/blog\/wp-content\/uploads\/2021\/01\/cape-of-good-hope-1219192_1920.jpg 1920w\" sizes=\"auto, (max-width: 1024px) 100vw, 1024px\" \/><\/figure>\n\n\n\n<p>La ciudad de Mindelo, en la isla de San Vicente, donde habitan 70.000 lugare\u00f1os, es una de las ciudades m\u00e1s grandes del pa\u00eds. Esta ciudad est\u00e1 considerada como la capital cultural de Cabo Verde. En esta ciudad podr\u00e1s disfrutar de la m\u00e1s pura cultura caboverdiana debido a la gran cantidad de artistas que en Mindelo habitan, pasear por sus calles y pararse a tomar algo es una regalo.<\/p>\n\n\n\n<p>Monte Verde es la monta\u00f1a es la m\u00e1s alta de San Vicente y un \u00e1rea protegida bell\u00edsima. Si te gusta el senderismo esta es parada obligada en tu viaje a Cabo Verde. Pero no solo se lo recomendamos a los senderistas, ya que en la cima del Monte Verde hay unas vistas incre\u00edblemente indescriptibles de la Bah\u00eda das Gatas, de la Praia Grande y de Mindelo.<\/p>\n\n\n\n<figure class=\"wp-block-image size-large\"><img loading=\"lazy\" decoding=\"async\" width=\"1024\" height=\"681\" src=\"https:\/\/www.viajes.com\/blog\/wp-content\/uploads\/2021\/01\/cape-verde-islands-2324997_1920-1024x681.jpg\" alt=\"\" class=\"wp-image-423\" srcset=\"https:\/\/www.viajes.com\/blog\/wp-content\/uploads\/2021\/01\/cape-verde-islands-2324997_1920-1024x681.jpg 1024w, https:\/\/www.viajes.com\/blog\/wp-content\/uploads\/2021\/01\/cape-verde-islands-2324997_1920-300x199.jpg 300w, https:\/\/www.viajes.com\/blog\/wp-content\/uploads\/2021\/01\/cape-verde-islands-2324997_1920-768x510.jpg 768w, https:\/\/www.viajes.com\/blog\/wp-content\/uploads\/2021\/01\/cape-verde-islands-2324997_1920-1536x1021.jpg 1536w, https:\/\/www.viajes.com\/blog\/wp-content\/uploads\/2021\/01\/cape-verde-islands-2324997_1920.jpg 1920w\" sizes=\"auto, (max-width: 1024px) 100vw, 1024px\" \/><\/figure>\n\n\n\n<p>La Isla de San Vicente es una que no te puedes perder. Esta pertenece a las Islas de Barlovento, sus playas y sus paisajes te dejar\u00e1n sin habla.<\/p>\n\n\n\n<p>\u00a1No olvides consultar nuestras ofertas especiales <a href=\"https:\/\/www.viajes.es\/cabo-verde\" target=\"_blank\" rel=\"noreferrer noopener\">aqu\u00ed<\/a>!<\/p>\n","protected":false},"excerpt":{"rendered":"<p>Cabo Verde es un pa\u00eds que pertenece a Macaronesia, el conjunto de los cinco archipi\u00e9lagos del Atl\u00e1ntico Norte. Este, como el resto de los archipi\u00e9lagos macaron\u00e9sica, es de origen volc\u00e1nico y muy famoso por su cultura, mezcla de las culturas portuguesa y africana. Santiago, la isla m\u00e1s grande es la capital de este pa\u00eds de [&hellip;]<\/p>\n","protected":false},"author":3,"featured_media":420,"comment_status":"open","ping_status":"closed","sticky":false,"template":"","format":"standard","meta":{"footnotes":""},"categories":[43,114,12,29,119,56,39,32,7,8,60,42,61,55,48,10,47,31,9,30],"tags":[],"class_list":["post-419","post","type-post","status-publish","format-standard","has-post-thumbnail","hentry","category-actividades","category-africa","category-aventura","category-buceo","category-cabo-verde","category-ciudad-y-playa","category-cultura","category-escapadas","category-familia","category-gastronomia","category-historico-y-cultural","category-hoteles","category-isla","category-los-mejores-precios","category-montana","category-naturaleza","category-ofertas-especiales","category-parques-naturales","category-playa","category-surf"],"_links":{"self":[{"href":"https:\/\/www.viajes.com\/blog\/wp-json\/wp\/v2\/posts\/419","targetHints":{"allow":["GET"]}}],"collection":[{"href":"https:\/\/www.viajes.com\/blog\/wp-json\/wp\/v2\/posts"}],"about":[{"href":"https:\/\/www.viajes.com\/blog\/wp-json\/wp\/v2\/types\/post"}],"author":[{"embeddable":true,"href":"https:\/\/www.viajes.com\/blog\/wp-json\/wp\/v2\/users\/3"}],"replies":[{"embeddable":true,"href":"https:\/\/www.viajes.com\/blog\/wp-json\/wp\/v2\/comments?post=419"}],"version-history":[{"count":3,"href":"https:\/\/www.viajes.com\/blog\/wp-json\/wp\/v2\/posts\/419\/revisions"}],"predecessor-version":[{"id":427,"href":"https:\/\/www.viajes.com\/blog\/wp-json\/wp\/v2\/posts\/419\/revisions\/427"}],"wp:featuredmedia":[{"embeddable":true,"href":"https:\/\/www.viajes.com\/blog\/wp-json\/wp\/v2\/media\/420"}],"wp:attachment":[{"href":"https:\/\/www.viajes.com\/blog\/wp-json\/wp\/v2\/media?parent=419"}],"wp:term":[{"taxonomy":"category","embeddable":true,"href":"https:\/\/www.viajes.com\/blog\/wp-json\/wp\/v2\/categories?post=419"},{"taxonomy":"post_tag","embeddable":true,"href":"https:\/\/www.viajes.com\/blog\/wp-json\/wp\/v2\/tags?post=419"}],"curies":[{"name":"wp","href":"https:\/\/api.w.org\/{rel}","templated":true}]}}