{"id":456,"date":"2021-01-28T08:00:00","date_gmt":"2021-01-28T07:00:00","guid":{"rendered":"https:\/\/www.viajes.com\/blog\/?p=456"},"modified":"2022-09-16T10:26:41","modified_gmt":"2022-09-16T08:26:41","slug":"el-hierro-la-isla-sostenible","status":"publish","type":"post","link":"https:\/\/www.viajes.com\/blog\/el-hierro-la-isla-sostenible\/","title":{"rendered":"El Hierro, la isla sostenible"},"content":{"rendered":"\n<p><a rel=\"noreferrer noopener\" href=\"https:\/\/www.viajes.es\/espana\/el-hierro\" target=\"_blank\">El Hierro<\/a>, una de las Islas Canarias, la m\u00e1s occidental y meridional, adem\u00e1s de la m\u00e1s peque\u00f1a del archipi\u00e9lago. Pero no solo eso, esta isla es mundialmente famosa por el nivel de sostenibilidad y autonom\u00eda el\u00e9ctrica que ha conseguido. Si lo que deseas es visitar una isla paradis\u00edaca y que adem\u00e1s se preocupa por el medio ambiente, este es tu pr\u00f3ximo destino.<\/p>\n\n\n\n<p>El Monumento Natural de Las Playas es uno de los iconos de la isla y es uno de los s\u00edmbolos m\u00e1s fotografiados de las Islas Canarias. En este entorno podr\u00e1s disfrutar de la incre\u00edble naturaleza salvaje que ofrece El Hierro. Te recomendamos pararte a caminar y a impregnarte del esp\u00edritu de la isla, o ba\u00f1arte cuidadosamente en las aguas del Oc\u00e9ano Atl\u00e1ntico.<\/p>\n\n\n\n<figure class=\"wp-block-image size-large\"><img loading=\"lazy\" decoding=\"async\" width=\"1024\" height=\"683\" src=\"https:\/\/www.viajes.com\/blog\/wp-content\/uploads\/2021\/01\/canary-islands-4276675_1920-1024x683.jpg\" alt=\"\" class=\"wp-image-460\" srcset=\"https:\/\/www.viajes.com\/blog\/wp-content\/uploads\/2021\/01\/canary-islands-4276675_1920-1024x683.jpg 1024w, https:\/\/www.viajes.com\/blog\/wp-content\/uploads\/2021\/01\/canary-islands-4276675_1920-300x200.jpg 300w, https:\/\/www.viajes.com\/blog\/wp-content\/uploads\/2021\/01\/canary-islands-4276675_1920-768x512.jpg 768w, https:\/\/www.viajes.com\/blog\/wp-content\/uploads\/2021\/01\/canary-islands-4276675_1920-1536x1024.jpg 1536w, https:\/\/www.viajes.com\/blog\/wp-content\/uploads\/2021\/01\/canary-islands-4276675_1920.jpg 1920w\" sizes=\"auto, (max-width: 1024px) 100vw, 1024px\" \/><\/figure>\n\n\n\n<p>No te puedes ir de El Hierro sin haber visitado El Sabinar. Este enclave es la identidad de El Hierro. Este \u00e1rbol nos perpleja con sus retorcidas ra\u00edces y ramas. Una vez que llegues al Sabinar entender\u00e1s el por qu\u00e9 de estos \u00e1rboles, debido al fuerte viento que predomina en esta zona.<\/p>\n\n\n\n<p>El Faro de Orchilla es un lugar de desconexi\u00f3n total, no tendr\u00e1s mucha cobertura, pero si hay una incre\u00edble carretera y una vista magn\u00edfica. Adem\u00e1s, aqu\u00ed podr\u00e1s disfrutar de la flora y fauna aut\u00f3ctona, de los senderos que hay en el lugar y de monumento al Meridiano 0 antes de que fuera cambiado a Greenwich.<\/p>\n\n\n\n<figure class=\"wp-block-image size-large\"><img loading=\"lazy\" decoding=\"async\" width=\"1024\" height=\"683\" src=\"https:\/\/www.viajes.com\/blog\/wp-content\/uploads\/2021\/01\/nature-2055554_1920-1024x683.jpg\" alt=\"\" class=\"wp-image-461\" srcset=\"https:\/\/www.viajes.com\/blog\/wp-content\/uploads\/2021\/01\/nature-2055554_1920-1024x683.jpg 1024w, https:\/\/www.viajes.com\/blog\/wp-content\/uploads\/2021\/01\/nature-2055554_1920-300x200.jpg 300w, https:\/\/www.viajes.com\/blog\/wp-content\/uploads\/2021\/01\/nature-2055554_1920-768x512.jpg 768w, https:\/\/www.viajes.com\/blog\/wp-content\/uploads\/2021\/01\/nature-2055554_1920-1536x1024.jpg 1536w, https:\/\/www.viajes.com\/blog\/wp-content\/uploads\/2021\/01\/nature-2055554_1920.jpg 1920w\" sizes=\"auto, (max-width: 1024px) 100vw, 1024px\" \/><\/figure>\n\n\n\n<p>El Bosque de Laurisilva de La Llan\u00eda es la zona perfecta para los senderistas y para los amantes de la naturaleza. Este es uno de los pocos bosques de laurisilva canario que quedan en las islas. Te quedar\u00e1s ensimismado por la magia que genera la vegetaci\u00f3n, la niebla y los incre\u00edbles senderos que encontrar\u00e1s en el bosque.<\/p>\n\n\n\n<p>Una parada muy recomendable es el Mirador de la Pe\u00f1a. Si tienes v\u00e9rtigo, no es muy recomendable, pero a\u00fan as\u00ed, las vistas son impresionantes. Este Mirador creado por el inigualable arquitecto Cesar Manrique, de origen canario, te ofrecer\u00e1 la oportunidad de descansar de la carretera y observar Frontera mientras comes o te tomas un caf\u00e9.<\/p>\n\n\n\n<figure class=\"wp-block-image size-large\"><img loading=\"lazy\" decoding=\"async\" width=\"1024\" height=\"683\" src=\"https:\/\/www.viajes.com\/blog\/wp-content\/uploads\/2021\/01\/hierro-2055549_1920-1024x683.jpg\" alt=\"\" class=\"wp-image-462\" srcset=\"https:\/\/www.viajes.com\/blog\/wp-content\/uploads\/2021\/01\/hierro-2055549_1920-1024x683.jpg 1024w, https:\/\/www.viajes.com\/blog\/wp-content\/uploads\/2021\/01\/hierro-2055549_1920-300x200.jpg 300w, https:\/\/www.viajes.com\/blog\/wp-content\/uploads\/2021\/01\/hierro-2055549_1920-768x512.jpg 768w, https:\/\/www.viajes.com\/blog\/wp-content\/uploads\/2021\/01\/hierro-2055549_1920-1536x1024.jpg 1536w, https:\/\/www.viajes.com\/blog\/wp-content\/uploads\/2021\/01\/hierro-2055549_1920.jpg 1920w\" sizes=\"auto, (max-width: 1024px) 100vw, 1024px\" \/><\/figure>\n\n\n\n<p>Como must de la isla de El Hierro te ofrecemos el famoso e infinitamente fotografiado Charco Azul. Pero que esto no te haga perderte la oportunidad de disfrutar de un ba\u00f1o en una piscina natural encuevada. Te encontrar\u00e1s como en ning\u00fan otro lugar, rodeado de roca volc\u00e1nica y de agua cristalina.<\/p>\n\n\n\n<p>\u00a1No olvides consultar nuestras ofertas especiales <a href=\"https:\/\/www.viajes.es\/espana\/el-hierro\" target=\"_blank\" rel=\"noreferrer noopener\">aqu\u00ed<\/a>!<\/p>\n","protected":false},"excerpt":{"rendered":"<p>El Hierro, una de las Islas Canarias, la m\u00e1s occidental y meridional, adem\u00e1s de la m\u00e1s peque\u00f1a del archipi\u00e9lago. Pero no solo eso, esta isla es mundialmente famosa por el nivel de sostenibilidad y autonom\u00eda el\u00e9ctrica que ha conseguido. Si lo que deseas es visitar una isla paradis\u00edaca y que adem\u00e1s se preocupa por el [&hellip;]<\/p>\n","protected":false},"author":3,"featured_media":459,"comment_status":"open","ping_status":"closed","sticky":false,"template":"","format":"standard","meta":{"footnotes":""},"categories":[12,29,39,25,97,32,38,69,34,8,61,22,55,10,47,41,9,28],"tags":[],"class_list":["post-456","post","type-post","status-publish","format-standard","has-post-thumbnail","hentry","category-aventura","category-buceo","category-cultura","category-deportes","category-el-hierro","category-escapadas","category-espana","category-europa","category-fin-de-semana","category-gastronomia","category-isla","category-islas-canarias","category-los-mejores-precios","category-naturaleza","category-ofertas-especiales","category-paquetes","category-playa","category-rent-a-car"],"_links":{"self":[{"href":"https:\/\/www.viajes.com\/blog\/wp-json\/wp\/v2\/posts\/456","targetHints":{"allow":["GET"]}}],"collection":[{"href":"https:\/\/www.viajes.com\/blog\/wp-json\/wp\/v2\/posts"}],"about":[{"href":"https:\/\/www.viajes.com\/blog\/wp-json\/wp\/v2\/types\/post"}],"author":[{"embeddable":true,"href":"https:\/\/www.viajes.com\/blog\/wp-json\/wp\/v2\/users\/3"}],"replies":[{"embeddable":true,"href":"https:\/\/www.viajes.com\/blog\/wp-json\/wp\/v2\/comments?post=456"}],"version-history":[{"count":4,"href":"https:\/\/www.viajes.com\/blog\/wp-json\/wp\/v2\/posts\/456\/revisions"}],"predecessor-version":[{"id":464,"href":"https:\/\/www.viajes.com\/blog\/wp-json\/wp\/v2\/posts\/456\/revisions\/464"}],"wp:featuredmedia":[{"embeddable":true,"href":"https:\/\/www.viajes.com\/blog\/wp-json\/wp\/v2\/media\/459"}],"wp:attachment":[{"href":"https:\/\/www.viajes.com\/blog\/wp-json\/wp\/v2\/media?parent=456"}],"wp:term":[{"taxonomy":"category","embeddable":true,"href":"https:\/\/www.viajes.com\/blog\/wp-json\/wp\/v2\/categories?post=456"},{"taxonomy":"post_tag","embeddable":true,"href":"https:\/\/www.viajes.com\/blog\/wp-json\/wp\/v2\/tags?post=456"}],"curies":[{"name":"wp","href":"https:\/\/api.w.org\/{rel}","templated":true}]}}