{"id":533,"date":"2021-03-01T11:15:15","date_gmt":"2021-03-01T10:15:15","guid":{"rendered":"https:\/\/www.viajes.com\/blog\/?p=533"},"modified":"2022-09-16T10:25:22","modified_gmt":"2022-09-16T08:25:22","slug":"menorca-una-preciosidad-mediterranea","status":"publish","type":"post","link":"https:\/\/www.viajes.com\/blog\/menorca-una-preciosidad-mediterranea\/","title":{"rendered":"Menorca, una preciosidad mediterr\u00e1nea"},"content":{"rendered":"\n<p>Una de las Islas Baleares, <a href=\"https:\/\/www.viajes.es\/espana\/menorca\/\" target=\"_blank\" rel=\"noreferrer noopener\">Menorca<\/a>, es la segunda isla m\u00e1s grande del archipi\u00e9lago, y la s\u00e9ptima m\u00e1s grande de toda <a href=\"https:\/\/www.viajes.es\/espana\/\" target=\"_blank\" rel=\"noreferrer noopener\">Espa\u00f1a<\/a>. Los antiguos griegos llamaban a esta isla y a Mallorca las islas Gimnesias, habitadas por los talay\u00f3ticos. Esta es una isla bell\u00edsima donde podr\u00e1s respirar verdadero aire mediterr\u00e1neo y descansar en sus preciosas playas y bosques.<\/p>\n\n\n\n<p>Binib\u00e8quer Vell es una preciosa urbanizaci\u00f3n al sureste de la isla. Cuando piensas en un pueblito mediterr\u00e1neo, esta es la definici\u00f3n visual de ello. Este pueblo fue construido en una peque\u00f1a cala en los a\u00f1os 60, y sus casas est\u00e1n inspiradas en las casas de los pescadores, blancas con sus ventanas y puertas azules. Camina por sus acogedoras calles y disfruta de un ambiente sin igual al atardecer y por la noche.<\/p>\n\n\n\n<figure class=\"wp-block-image size-large\"><img loading=\"lazy\" decoding=\"async\" width=\"1024\" height=\"683\" src=\"https:\/\/www.viajes.com\/blog\/wp-content\/uploads\/2021\/03\/minorca-1232154_1920-1024x683.jpg\" alt=\"\" class=\"wp-image-537\" srcset=\"https:\/\/www.viajes.com\/blog\/wp-content\/uploads\/2021\/03\/minorca-1232154_1920-1024x683.jpg 1024w, https:\/\/www.viajes.com\/blog\/wp-content\/uploads\/2021\/03\/minorca-1232154_1920-300x200.jpg 300w, https:\/\/www.viajes.com\/blog\/wp-content\/uploads\/2021\/03\/minorca-1232154_1920-768x512.jpg 768w, https:\/\/www.viajes.com\/blog\/wp-content\/uploads\/2021\/03\/minorca-1232154_1920-1536x1024.jpg 1536w, https:\/\/www.viajes.com\/blog\/wp-content\/uploads\/2021\/03\/minorca-1232154_1920.jpg 1920w\" sizes=\"auto, (max-width: 1024px) 100vw, 1024px\" \/><\/figure>\n\n\n\n<p>El punto m\u00e1s alto de la isla menorquina se encuentra en el Monte Toro. Seg\u00fan cuenta la leyenda en esta monta\u00f1a viv\u00eda un toro que imped\u00eda que nadie alcanzara la cima, hasta que unos monjes lo amansaron. Desde lo alto de este monte podr\u00e1s disfrutar de unas vistas incre\u00edbles y podr\u00e1s disfrutar de toda la isla de Menorca y con suerte, si est\u00e1 despejado, podr\u00e1s incluso ver la isla de Mallorca.<\/p>\n\n\n\n<p>La capital de esta isla de ensue\u00f1o se llama Mah\u00f3n, oficialmente Ma\u00f3, este es el punto m\u00e1s oriental de todo el estado espa\u00f1ol. Aqu\u00ed podr\u00e1s disfrutar de su puerto natural que tiene unos 6 kil\u00f3metros de largo, debido a esto y a su buena ubicaci\u00f3n en el mar Mediterr\u00e1neo, ha sido una ciudad estrat\u00e9gica a lo largo de los siglos, hospedando a fenicios, turcos, talay\u00f3ticos y griegos entre muchos otros. Uno de los mejores pasatiempos que puedes realizar en la capital es el de caminar por sus calles e investigar los negocios y la vida que llevan los locales.<\/p>\n\n\n\n<figure class=\"wp-block-image size-large\"><img loading=\"lazy\" decoding=\"async\" width=\"1024\" height=\"768\" src=\"https:\/\/www.viajes.com\/blog\/wp-content\/uploads\/2021\/03\/menorca-935987_1920-1024x768.jpg\" alt=\"\" class=\"wp-image-536\" srcset=\"https:\/\/www.viajes.com\/blog\/wp-content\/uploads\/2021\/03\/menorca-935987_1920-1024x768.jpg 1024w, https:\/\/www.viajes.com\/blog\/wp-content\/uploads\/2021\/03\/menorca-935987_1920-300x225.jpg 300w, https:\/\/www.viajes.com\/blog\/wp-content\/uploads\/2021\/03\/menorca-935987_1920-768x576.jpg 768w, https:\/\/www.viajes.com\/blog\/wp-content\/uploads\/2021\/03\/menorca-935987_1920-1536x1152.jpg 1536w, https:\/\/www.viajes.com\/blog\/wp-content\/uploads\/2021\/03\/menorca-935987_1920.jpg 1920w\" sizes=\"auto, (max-width: 1024px) 100vw, 1024px\" \/><\/figure>\n\n\n\n<p>Como siempre, en nuestro blog intentamos proponer un plan para cada tipo de turista en todas nuestras entradas, y por eso el porqu\u00e9 de la ruta del Cam\u00ed de Cavalls. Este es una gran ruta que bordea la isla entera por la costa, si eres amante de los senderos te recomendamos realizarla, y si te gusta caminar, al menos recorre parte de esta ruta, no te arrepentir\u00e1s. La ruta completa tiene una longitud de 185 km. Por los cuales podr\u00e1s disfrutar de la variedad de la flora de la isla, la geomorfolog\u00eda del terreno, playas preciosas y pastos y bellos bosques.<\/p>\n\n\n\n<p>Al norte de la isla encontrar\u00e1s la playa de Cavaller\u00eda, esta preciosa paya no solo es demandada por los turistas y locales por su preciosa naturaleza, sino por un secreto menos conocido, su arcilla. Aqu\u00ed podr\u00e1s mezclar la arcilla de uno de los recovecos de la playa con el agua del mar para aplic\u00e1rtelo en la piel y dejar que se seque al sol, y cuando est\u00e9 bien seco os lo quit\u00e1is y tendr\u00e9is la piel suavita y perfecta. Recordad que esto solo lo deb\u00e9is de realizar aqu\u00ed, no os est\u00e9is llevando arcilla a vuestra casa, si todos los visitantes de la isla hicieran esto, no quedar\u00e1 m\u00e1s para las futuras generaciones y se perder\u00e1 este fant\u00e1stico plan menorqu\u00edn.<\/p>\n\n\n\n<figure class=\"wp-block-image size-large\"><img loading=\"lazy\" decoding=\"async\" width=\"1024\" height=\"575\" src=\"https:\/\/www.viajes.com\/blog\/wp-content\/uploads\/2021\/03\/sunset-3296869_1920-1024x575.jpg\" alt=\"\" class=\"wp-image-535\" srcset=\"https:\/\/www.viajes.com\/blog\/wp-content\/uploads\/2021\/03\/sunset-3296869_1920-1024x575.jpg 1024w, https:\/\/www.viajes.com\/blog\/wp-content\/uploads\/2021\/03\/sunset-3296869_1920-300x169.jpg 300w, https:\/\/www.viajes.com\/blog\/wp-content\/uploads\/2021\/03\/sunset-3296869_1920-768x432.jpg 768w, https:\/\/www.viajes.com\/blog\/wp-content\/uploads\/2021\/03\/sunset-3296869_1920-1536x863.jpg 1536w, https:\/\/www.viajes.com\/blog\/wp-content\/uploads\/2021\/03\/sunset-3296869_1920.jpg 1920w\" sizes=\"auto, (max-width: 1024px) 100vw, 1024px\" \/><\/figure>\n\n\n\n<p>Como must de la isla de Menorca, te proponemos visitar Cova d\u2019en Xoroi, este preciosos bar-cueva es uno de los puntos de la isla que no te puedes perder, te recomendamos visitarlo al atardecer y tomarte una copa o una cervecita mientras observas como el sol se esconde tras el mar y como este ba\u00f1a el mediterr\u00e1neo y la isla con unos preciosos colores.<\/p>\n\n\n\n<p>\u00a1No olvides consultar nuestras ofertas especiales <a href=\"https:\/\/www.viajes.es\/espana\/menorca\/\" target=\"_blank\" rel=\"noreferrer noopener\">aqu\u00ed<\/a>!<\/p>\n","protected":false},"excerpt":{"rendered":"<p>Una de las Islas Baleares, Menorca, es la segunda isla m\u00e1s grande del archipi\u00e9lago, y la s\u00e9ptima m\u00e1s grande de toda Espa\u00f1a. Los antiguos griegos llamaban a esta isla y a Mallorca las islas Gimnesias, habitadas por los talay\u00f3ticos. Esta es una isla bell\u00edsima donde podr\u00e1s respirar verdadero aire mediterr\u00e1neo y descansar en sus preciosas [&hellip;]<\/p>\n","protected":false},"author":3,"featured_media":534,"comment_status":"open","ping_status":"closed","sticky":false,"template":"","format":"standard","meta":{"footnotes":""},"categories":[43,12,29,62,56,39,25,32,38,69,64,7,8,24,11,42,61,21,55,20,138,48,10,47,31,9,67,28],"tags":[],"class_list":["post-533","post","type-post","status-publish","format-standard","has-post-thumbnail","hentry","category-actividades","category-aventura","category-buceo","category-cama-y-desayuno","category-ciudad-y-playa","category-cultura","category-deportes","category-escapadas","category-espana","category-europa","category-excursiones","category-familia","category-gastronomia","category-hiking","category-historia","category-hoteles","category-isla","category-islas-baleares","category-los-mejores-precios","category-mediterraneo","category-menorca","category-montana","category-naturaleza","category-ofertas-especiales","category-parques-naturales","category-playa","category-puente","category-rent-a-car"],"_links":{"self":[{"href":"https:\/\/www.viajes.com\/blog\/wp-json\/wp\/v2\/posts\/533","targetHints":{"allow":["GET"]}}],"collection":[{"href":"https:\/\/www.viajes.com\/blog\/wp-json\/wp\/v2\/posts"}],"about":[{"href":"https:\/\/www.viajes.com\/blog\/wp-json\/wp\/v2\/types\/post"}],"author":[{"embeddable":true,"href":"https:\/\/www.viajes.com\/blog\/wp-json\/wp\/v2\/users\/3"}],"replies":[{"embeddable":true,"href":"https:\/\/www.viajes.com\/blog\/wp-json\/wp\/v2\/comments?post=533"}],"version-history":[{"count":2,"href":"https:\/\/www.viajes.com\/blog\/wp-json\/wp\/v2\/posts\/533\/revisions"}],"predecessor-version":[{"id":539,"href":"https:\/\/www.viajes.com\/blog\/wp-json\/wp\/v2\/posts\/533\/revisions\/539"}],"wp:featuredmedia":[{"embeddable":true,"href":"https:\/\/www.viajes.com\/blog\/wp-json\/wp\/v2\/media\/534"}],"wp:attachment":[{"href":"https:\/\/www.viajes.com\/blog\/wp-json\/wp\/v2\/media?parent=533"}],"wp:term":[{"taxonomy":"category","embeddable":true,"href":"https:\/\/www.viajes.com\/blog\/wp-json\/wp\/v2\/categories?post=533"},{"taxonomy":"post_tag","embeddable":true,"href":"https:\/\/www.viajes.com\/blog\/wp-json\/wp\/v2\/tags?post=533"}],"curies":[{"name":"wp","href":"https:\/\/api.w.org\/{rel}","templated":true}]}}