{"id":578,"date":"2021-03-22T11:52:13","date_gmt":"2021-03-22T10:52:13","guid":{"rendered":"https:\/\/www.viajes.com\/blog\/?p=578"},"modified":"2022-09-16T10:24:47","modified_gmt":"2022-09-16T08:24:47","slug":"viena-la-ciudad-de-la-musica","status":"publish","type":"post","link":"https:\/\/www.viajes.com\/blog\/viena-la-ciudad-de-la-musica\/","title":{"rendered":"Viena, la ciudad de la m\u00fasica"},"content":{"rendered":"\n<p><a href=\"https:\/\/www.viajes.es\/austria\/viena\/\" target=\"_blank\" rel=\"noreferrer noopener\">Viena<\/a> lleva siendo una ciudad famosa durante centenares de a\u00f1os, no solo por ser la capital de <a href=\"https:\/\/www.viajes.es\/austria\/\" target=\"_blank\" rel=\"noreferrer noopener\">Austria<\/a>, sino por ser una de las capitales art\u00edsticas e intelectuales de Europa. Esta ciudad ha generado personajes hist\u00f3ricos como Mozart, Beethoven o Sigmund Freud entre otros muchos. D\u00e9jate impresionar por esta maravillosa ciudad y por este incre\u00edble pa\u00eds lleno de arte, cultura y naturaleza.<\/p>\n\n\n\n<p>Una de las m\u00faltiples maravillas arquitect\u00f3nicas que ofrece esta ciudad es la Catedral de San Esteban, uno de los templos m\u00e1s importantes de Viena y lugar de la celebraci\u00f3n de la boda y funeral del famoso Mozart. Este edificio se construy\u00f3 en el siglo XII con una torre impresionante desde la que podr\u00e1s disfrutar de las maravillosas vistas de la ciudad.<\/p>\n\n\n\n<figure class=\"wp-block-image size-large\"><img loading=\"lazy\" decoding=\"async\" width=\"1024\" height=\"840\" src=\"https:\/\/www.viajes.com\/blog\/wp-content\/uploads\/2021\/03\/vienna-1567865_1920-1024x840.jpg\" alt=\"\" class=\"wp-image-581\" srcset=\"https:\/\/www.viajes.com\/blog\/wp-content\/uploads\/2021\/03\/vienna-1567865_1920-1024x840.jpg 1024w, https:\/\/www.viajes.com\/blog\/wp-content\/uploads\/2021\/03\/vienna-1567865_1920-300x246.jpg 300w, https:\/\/www.viajes.com\/blog\/wp-content\/uploads\/2021\/03\/vienna-1567865_1920-768x630.jpg 768w, https:\/\/www.viajes.com\/blog\/wp-content\/uploads\/2021\/03\/vienna-1567865_1920-1536x1260.jpg 1536w, https:\/\/www.viajes.com\/blog\/wp-content\/uploads\/2021\/03\/vienna-1567865_1920.jpg 1920w\" sizes=\"auto, (max-width: 1024px) 100vw, 1024px\" \/><\/figure>\n\n\n\n<p>Para acceder al Palacio de Sch\u00f6nbrunn, necesitar\u00e1s utilizar el metro o el autob\u00fas, ya que se encuentra a ocho kil\u00f3metros de la ciudad, pero no deber\u00edas de perderte por nada del mundo este incre\u00edble edificio. Fue construido en el siglo XVII y fue la residencia de verano de la familia real, incluida la famosa Emperatriz Sissi. Te recomendamos realizar una excursi\u00f3n de un d\u00eda y disfrutar de la arquitectura y de los jardines del palacio.<\/p>\n\n\n\n<p>No pod\u00eda faltar la famos\u00edsima \u00d3pera de Viena en esta entrada. Situada en el centro de la ciudad este templo del arte y cultura es conocido en el mundo entero, y de forma justificada, el edificio construido entre 1861 y 1869 al estilo renacentista con su preciosa escalinata de m\u00e1rmol, te dejar\u00e1 ensimismado por el choque que te dar\u00e1 el incre\u00edble trabajo realizado para construir este icono de la ciudad.<\/p>\n\n\n\n<figure class=\"wp-block-image size-large\"><img loading=\"lazy\" decoding=\"async\" width=\"1024\" height=\"683\" src=\"https:\/\/www.viajes.com\/blog\/wp-content\/uploads\/2021\/03\/vienna-890875_1920-1-1024x683.jpg\" alt=\"\" class=\"wp-image-582\" srcset=\"https:\/\/www.viajes.com\/blog\/wp-content\/uploads\/2021\/03\/vienna-890875_1920-1-1024x683.jpg 1024w, https:\/\/www.viajes.com\/blog\/wp-content\/uploads\/2021\/03\/vienna-890875_1920-1-300x200.jpg 300w, https:\/\/www.viajes.com\/blog\/wp-content\/uploads\/2021\/03\/vienna-890875_1920-1-768x512.jpg 768w, https:\/\/www.viajes.com\/blog\/wp-content\/uploads\/2021\/03\/vienna-890875_1920-1-1536x1024.jpg 1536w, https:\/\/www.viajes.com\/blog\/wp-content\/uploads\/2021\/03\/vienna-890875_1920-1.jpg 1920w\" sizes=\"auto, (max-width: 1024px) 100vw, 1024px\" \/><\/figure>\n\n\n\n<p>Para los comidistas que lean esta entrada, te proponemos el Mercado Naschmarkt, este es uno de los m\u00e1s antiguos de la ciudad, construido en el siglo XVI y ofrece unos 120 puestos de productos frescos y de buen\u00edsima calidad. Adem\u00e1s, dispone tambi\u00e9n de magn\u00edficos restaurantes en donde podr\u00e1s comprobar la calidad de estos productos y disfrutar de los mejores manjares.<\/p>\n\n\n\n<p>El Palacio Hofburg es el palacio m\u00e1s grande de toda la ciudad. Fue la vivienda de la dinast\u00eda de los Habsburgo, alrededor de 600 a\u00f1os y es la residencia del actual presidente de la Rep\u00fablica austriaca. Te recomendamos visitar el museo de Sissi, una celebridad y personaje hist\u00f3rico de la cultura austriaca.<\/p>\n\n\n\n<figure class=\"wp-block-image size-large\"><img loading=\"lazy\" decoding=\"async\" width=\"1024\" height=\"682\" src=\"https:\/\/www.viajes.com\/blog\/wp-content\/uploads\/2021\/03\/building-4403839_1920-1024x682.jpg\" alt=\"\" class=\"wp-image-583\" srcset=\"https:\/\/www.viajes.com\/blog\/wp-content\/uploads\/2021\/03\/building-4403839_1920-1024x682.jpg 1024w, https:\/\/www.viajes.com\/blog\/wp-content\/uploads\/2021\/03\/building-4403839_1920-300x200.jpg 300w, https:\/\/www.viajes.com\/blog\/wp-content\/uploads\/2021\/03\/building-4403839_1920-768x512.jpg 768w, https:\/\/www.viajes.com\/blog\/wp-content\/uploads\/2021\/03\/building-4403839_1920-1536x1023.jpg 1536w, https:\/\/www.viajes.com\/blog\/wp-content\/uploads\/2021\/03\/building-4403839_1920.jpg 1920w\" sizes=\"auto, (max-width: 1024px) 100vw, 1024px\" \/><\/figure>\n\n\n\n<p>Como must de esta ciudad te recomendamos una opci\u00f3n diferente, la Biblioteca Nacional Austriaca es un palacio, o parte de uno, literalmente forma parte del complejo del Palacio Hofburg. Esta ser\u00e1 una de las bibliotecas m\u00e1s bellas y ricas que ver\u00e1s en tu vida. Fue construida en el siglo XVIII y dispone de m\u00e1s de 8 millones de documentos, como antiguos libros, mapas y hasta papiros. Te recomendamos pasarte una tarde en este m\u00e1gico edificio rodeado de una de las mayores colecciones culturales de Europa.<\/p>\n\n\n\n<p>\u00a1No olvides consultar nuestras ofertas especiales <a href=\"https:\/\/www.viajes.es\/austria\/viena\/\" target=\"_blank\" rel=\"noreferrer noopener\">aqu\u00ed<\/a>!<\/p>\n","protected":false},"excerpt":{"rendered":"<p>Viena lleva siendo una ciudad famosa durante centenares de a\u00f1os, no solo por ser la capital de Austria, sino por ser una de las capitales art\u00edsticas e intelectuales de Europa. Esta ciudad ha generado personajes hist\u00f3ricos como Mozart, Beethoven o Sigmund Freud entre otros muchos. D\u00e9jate impresionar por esta maravillosa ciudad y por este incre\u00edble [&hellip;]<\/p>\n","protected":false},"author":3,"featured_media":580,"comment_status":"open","ping_status":"closed","sticky":false,"template":"","format":"standard","meta":{"footnotes":""},"categories":[43,53,147,62,13,39,25,32,69,64,7,34,8,24,60,42,55,10,47,41,67,148],"tags":[],"class_list":["post-578","post","type-post","status-publish","format-standard","has-post-thumbnail","hentry","category-actividades","category-arte-y-cultura","category-austria","category-cama-y-desayuno","category-ciudad","category-cultura","category-deportes","category-escapadas","category-europa","category-excursiones","category-familia","category-fin-de-semana","category-gastronomia","category-hiking","category-historico-y-cultural","category-hoteles","category-los-mejores-precios","category-naturaleza","category-ofertas-especiales","category-paquetes","category-puente","category-viena"],"_links":{"self":[{"href":"https:\/\/www.viajes.com\/blog\/wp-json\/wp\/v2\/posts\/578","targetHints":{"allow":["GET"]}}],"collection":[{"href":"https:\/\/www.viajes.com\/blog\/wp-json\/wp\/v2\/posts"}],"about":[{"href":"https:\/\/www.viajes.com\/blog\/wp-json\/wp\/v2\/types\/post"}],"author":[{"embeddable":true,"href":"https:\/\/www.viajes.com\/blog\/wp-json\/wp\/v2\/users\/3"}],"replies":[{"embeddable":true,"href":"https:\/\/www.viajes.com\/blog\/wp-json\/wp\/v2\/comments?post=578"}],"version-history":[{"count":2,"href":"https:\/\/www.viajes.com\/blog\/wp-json\/wp\/v2\/posts\/578\/revisions"}],"predecessor-version":[{"id":586,"href":"https:\/\/www.viajes.com\/blog\/wp-json\/wp\/v2\/posts\/578\/revisions\/586"}],"wp:featuredmedia":[{"embeddable":true,"href":"https:\/\/www.viajes.com\/blog\/wp-json\/wp\/v2\/media\/580"}],"wp:attachment":[{"href":"https:\/\/www.viajes.com\/blog\/wp-json\/wp\/v2\/media?parent=578"}],"wp:term":[{"taxonomy":"category","embeddable":true,"href":"https:\/\/www.viajes.com\/blog\/wp-json\/wp\/v2\/categories?post=578"},{"taxonomy":"post_tag","embeddable":true,"href":"https:\/\/www.viajes.com\/blog\/wp-json\/wp\/v2\/tags?post=578"}],"curies":[{"name":"wp","href":"https:\/\/api.w.org\/{rel}","templated":true}]}}