{"id":698,"date":"2021-06-15T13:13:03","date_gmt":"2021-06-15T11:13:03","guid":{"rendered":"https:\/\/www.viajes.com\/blog\/?p=698"},"modified":"2022-09-16T10:21:47","modified_gmt":"2022-09-16T08:21:47","slug":"el-paraiso-de-costa-adeje","status":"publish","type":"post","link":"https:\/\/www.viajes.com\/blog\/el-paraiso-de-costa-adeje\/","title":{"rendered":"El para\u00edso de Costa Adeje"},"content":{"rendered":"\n<p>Ubicado en el sur de <a href=\"https:\/\/www.viajes.com\/espana\/tenerife\/\" target=\"_blank\" rel=\"noreferrer noopener\">Tenerife<\/a>, se encuentra <a href=\"https:\/\/www.viajes.com\/espana\/costa-adeje-tenerife\/\" target=\"_blank\" rel=\"noreferrer noopener\">Costa Adeje<\/a>, el fant\u00e1stico destino tur\u00edstico que ha generado un boom en la econom\u00eda de la isla. Este destino de la isla dispone de unas maravillosas playas, incre\u00edbles senderos, hoteles de las m\u00e1s altas categor\u00eda y un sinf\u00edn de actividades que realizar.<\/p>\n\n\n\n<p>Uno de los s\u00edmbolos m\u00e1s reconocidos de Adeje, por su historia y visualmente es el Roque de Ichasagua, tambi\u00e9n conocido como Roque del Conde. Este macizo ubicado en el municipio llega a una altura de 1001 metros sobre el nivel del mar y es el roque m\u00e1s grande de las Islas Canarias. Esta m\u00edtica monta\u00f1a fue donde el mencey de Adeje, quien era el jefe o rey de la designaci\u00f3n territorial de los guanches, los abor\u00edgenes que habitaban en Tenerife, este mencey era conocido como Ichasagua y ante la conquista de los castellanos, prefiri\u00f3 acabar con su vida antes de vivir bajo sus \u00f3rdenes.<\/p>\n\n\n\n<figure class=\"wp-block-image size-large\"><img loading=\"lazy\" decoding=\"async\" width=\"1024\" height=\"683\" src=\"https:\/\/www.viajes.com\/blog\/wp-content\/uploads\/2021\/06\/B6A6961-Nu\u0301mero-de-serie-de-3-di\u0301gitosviernes-26-1-1024x683.jpg\" alt=\"\" class=\"wp-image-703\" srcset=\"https:\/\/www.viajes.com\/blog\/wp-content\/uploads\/2021\/06\/B6A6961-Nu\u0301mero-de-serie-de-3-di\u0301gitosviernes-26-1-1024x683.jpg 1024w, https:\/\/www.viajes.com\/blog\/wp-content\/uploads\/2021\/06\/B6A6961-Nu\u0301mero-de-serie-de-3-di\u0301gitosviernes-26-1-300x200.jpg 300w, https:\/\/www.viajes.com\/blog\/wp-content\/uploads\/2021\/06\/B6A6961-Nu\u0301mero-de-serie-de-3-di\u0301gitosviernes-26-1-768x512.jpg 768w, https:\/\/www.viajes.com\/blog\/wp-content\/uploads\/2021\/06\/B6A6961-Nu\u0301mero-de-serie-de-3-di\u0301gitosviernes-26-1-1536x1024.jpg 1536w, https:\/\/www.viajes.com\/blog\/wp-content\/uploads\/2021\/06\/B6A6961-Nu\u0301mero-de-serie-de-3-di\u0301gitosviernes-26-1.jpg 1920w\" sizes=\"auto, (max-width: 1024px) 100vw, 1024px\" \/><\/figure>\n\n\n\n<p>Como plan perfecto para tus vacaciones te recomendamos visitar el Siam Park, conocido mundialmente como el mejor parque del mundo entre 2014 y 2019, consecutivamente. En este parque podr\u00e1s pasar el d\u00eda con tu familia, pareja y amigos rodeado de las mejores atracciones acu\u00e1ticas que podr\u00e1s encontrar en la actualidad.<\/p>\n\n\n\n<p>Para los amantes del senderismo, uno de los primeros lugares que te recomendamos visitar es Boca del Paso donde se encuentra el sendero que lleva de Boca del Paso a La Quinta. Este suave, pero incre\u00edblemente precioso sendero de casi dos kil\u00f3metros en el que podr\u00e1s disfrutar de la flora y la fauna de esta isla paradis\u00edaca.<\/p>\n\n\n\n<figure class=\"wp-block-image size-large\"><img loading=\"lazy\" decoding=\"async\" width=\"1024\" height=\"683\" src=\"https:\/\/www.viajes.com\/blog\/wp-content\/uploads\/2021\/06\/tenerife-1582784_1920-1024x683.jpg\" alt=\"\" class=\"wp-image-701\" srcset=\"https:\/\/www.viajes.com\/blog\/wp-content\/uploads\/2021\/06\/tenerife-1582784_1920-1024x683.jpg 1024w, https:\/\/www.viajes.com\/blog\/wp-content\/uploads\/2021\/06\/tenerife-1582784_1920-300x200.jpg 300w, https:\/\/www.viajes.com\/blog\/wp-content\/uploads\/2021\/06\/tenerife-1582784_1920-768x512.jpg 768w, https:\/\/www.viajes.com\/blog\/wp-content\/uploads\/2021\/06\/tenerife-1582784_1920-1536x1024.jpg 1536w, https:\/\/www.viajes.com\/blog\/wp-content\/uploads\/2021\/06\/tenerife-1582784_1920.jpg 1920w\" sizes=\"auto, (max-width: 1024px) 100vw, 1024px\" \/><\/figure>\n\n\n\n<p>Aunque no sea la id\u00edlica playa de arena c\u00e1lida en la que piensas al imaginarte una playa en las Islas Canarias, te ofrecemos La Caleta. Este precioso e id\u00edlico pueblo pesquero del municipio de Adeje es el lugar perfecto para parar el d\u00eda en su playa rocosa, donde encontrar\u00e1s una variedad de flora y fauna marina que no te hubieras imaginado. Despu\u00e9s de esto, te recomendamos recorrer su peculiar avenida mar\u00edtima donde dispondr\u00e1s de una maravillosa lista de restaurantes y cafeter\u00edas donde degustar los mejores manjares que ofrece la isla.<\/p>\n\n\n\n<figure class=\"wp-block-image size-large\"><img loading=\"lazy\" decoding=\"async\" width=\"1024\" height=\"683\" src=\"https:\/\/www.viajes.com\/blog\/wp-content\/uploads\/2021\/06\/dolphin-2691864_1920-1024x683.jpg\" alt=\"\" class=\"wp-image-700\" srcset=\"https:\/\/www.viajes.com\/blog\/wp-content\/uploads\/2021\/06\/dolphin-2691864_1920-1024x683.jpg 1024w, https:\/\/www.viajes.com\/blog\/wp-content\/uploads\/2021\/06\/dolphin-2691864_1920-300x200.jpg 300w, https:\/\/www.viajes.com\/blog\/wp-content\/uploads\/2021\/06\/dolphin-2691864_1920-768x512.jpg 768w, https:\/\/www.viajes.com\/blog\/wp-content\/uploads\/2021\/06\/dolphin-2691864_1920-1536x1024.jpg 1536w, https:\/\/www.viajes.com\/blog\/wp-content\/uploads\/2021\/06\/dolphin-2691864_1920.jpg 1920w\" sizes=\"auto, (max-width: 1024px) 100vw, 1024px\" \/><\/figure>\n\n\n\n<p>Como must de este destino te proponemos practicar la observaci\u00f3n de cet\u00e1ceos, pero ten cuidado, ya que solo unos pocos de estos negocios est\u00e1n autorizados para ello, los podr\u00e1s identificar f\u00e1cilmente gracias a su bandera amarilla en la que figura una pareja de cet\u00e1ceos y las palabras \u201cBarco azul\u201d y \u201dBlue boat\u201d. Esto es importante, ya que estos barcos son los que est\u00e1n propiamente regulados para realizar la observaci\u00f3n de cet\u00e1ceos en la que estos maravillosos animales no sean estresados o puestos en riesgo.<\/p>\n\n\n\n<p>\u00a1No olvides consultar nuestras ofertas especiales <a href=\"https:\/\/www.viajes.com\/espana\/costa-adeje-tenerife\/\" target=\"_blank\" rel=\"noreferrer noopener\">aqu\u00ed<\/a>!<\/p>\n","protected":false},"excerpt":{"rendered":"<p>Ubicado en el sur de Tenerife, se encuentra Costa Adeje, el fant\u00e1stico destino tur\u00edstico que ha generado un boom en la econom\u00eda de la isla. Este destino de la isla dispone de unas maravillosas playas, incre\u00edbles senderos, hoteles de las m\u00e1s altas categor\u00eda y un sinf\u00edn de actividades que realizar. Uno de los s\u00edmbolos m\u00e1s [&hellip;]<\/p>\n","protected":false},"author":3,"featured_media":699,"comment_status":"open","ping_status":"closed","sticky":false,"template":"","format":"standard","meta":{"footnotes":""},"categories":[43,58,12,29,62,56,167,39,25,32,38,69,64,7,34,8,54,24,11,42,61,22,55,10,47,41,31,9,67,87,18],"tags":[],"class_list":["post-698","post","type-post","status-publish","format-standard","has-post-thumbnail","hentry","category-actividades","category-atracciones-de-los-animales","category-aventura","category-buceo","category-cama-y-desayuno","category-ciudad-y-playa","category-costa-adeje","category-cultura","category-deportes","category-escapadas","category-espana","category-europa","category-excursiones","category-familia","category-fin-de-semana","category-gastronomia","category-golf","category-hiking","category-historia","category-hoteles","category-isla","category-islas-canarias","category-los-mejores-precios","category-naturaleza","category-ofertas-especiales","category-paquetes","category-parques-naturales","category-playa","category-puente","category-tenerife","category-ultimo-minuto"],"_links":{"self":[{"href":"https:\/\/www.viajes.com\/blog\/wp-json\/wp\/v2\/posts\/698","targetHints":{"allow":["GET"]}}],"collection":[{"href":"https:\/\/www.viajes.com\/blog\/wp-json\/wp\/v2\/posts"}],"about":[{"href":"https:\/\/www.viajes.com\/blog\/wp-json\/wp\/v2\/types\/post"}],"author":[{"embeddable":true,"href":"https:\/\/www.viajes.com\/blog\/wp-json\/wp\/v2\/users\/3"}],"replies":[{"embeddable":true,"href":"https:\/\/www.viajes.com\/blog\/wp-json\/wp\/v2\/comments?post=698"}],"version-history":[{"count":2,"href":"https:\/\/www.viajes.com\/blog\/wp-json\/wp\/v2\/posts\/698\/revisions"}],"predecessor-version":[{"id":705,"href":"https:\/\/www.viajes.com\/blog\/wp-json\/wp\/v2\/posts\/698\/revisions\/705"}],"wp:featuredmedia":[{"embeddable":true,"href":"https:\/\/www.viajes.com\/blog\/wp-json\/wp\/v2\/media\/699"}],"wp:attachment":[{"href":"https:\/\/www.viajes.com\/blog\/wp-json\/wp\/v2\/media?parent=698"}],"wp:term":[{"taxonomy":"category","embeddable":true,"href":"https:\/\/www.viajes.com\/blog\/wp-json\/wp\/v2\/categories?post=698"},{"taxonomy":"post_tag","embeddable":true,"href":"https:\/\/www.viajes.com\/blog\/wp-json\/wp\/v2\/tags?post=698"}],"curies":[{"name":"wp","href":"https:\/\/api.w.org\/{rel}","templated":true}]}}